{"id":15547,"date":"2020-10-30T18:39:21","date_gmt":"2020-10-30T18:39:21","guid":{"rendered":"https:\/\/www.radiopresidenteibanez.cl\/web\/?p=15547"},"modified":"2020-10-30T18:39:26","modified_gmt":"2020-10-30T18:39:26","slug":"octubre-yo-te-banco-por-rodolfo-cardenas","status":"publish","type":"post","link":"https:\/\/www.radiopresidenteibanez.cl\/web\/octubre-yo-te-banco-por-rodolfo-cardenas\/","title":{"rendered":"\u00abOCTUBRE YO TE BANCO\u00bb por Rodolfo C\u00e1rdenas"},"content":{"rendered":"\n<p>El distanciamiento f\u00edsico no impidi\u00f3 que el pueblo Chileno rindiera un homenaje a los principios y valores de una sociedad fraternada, unida en la solidaridad y la libertad que busca justicia social y establecer las bases de un nuevo orden, m\u00e1s humano y significativo para los territorios, donde se garanticen los derechos sociales y humanos.<\/p>\n\n\n\n<p>Esta enorme oportunidad canalizada en el esfuerzo y el \u00edmpetu de la juventud, y de aquellos hombres y mujeres de todas las edades que a\u00f1o a a\u00f1o siguieron luchando por una democracia real, da cuenta que en medio de una pandemia que afecta la salud y bienestar de miles de personas en el pa\u00eds como en el mundo confinado, indica que estamos m\u00e1s unidos y conectados como ciudadanos de un mismo territorio,&nbsp; que en medio de estas dificultades participa y se moviliza, lo hace para suplir el hambre y las necesidades en nuestros barrios a trav\u00e9s de las ollas comunes o la vinculaci\u00f3n con las redes de apoyo o la b\u00fasqueda incansable para el acceso a prestaciones sociales, y as\u00ed mismo lo hizo este 25 octubre aprobando el cambio, para co-construir un nuevo porvenir para nuestra patria.<\/p>\n\n\n\n<p>Los sue\u00f1os y esperanzas ciudadanas ser\u00e1n el sustento para seguir gan\u00e1ndole al ego\u00edsmo, a las malas pr\u00e1cticas y a los mismos de siempre, hoy el pueblo chileno a firmado con su voto la gesti\u00f3n de un nuevo pacto social, que cuida de las personas, del medio ambiente y sus recursos naturales, as\u00ed lo dec\u00edan los carteles de las movilizaciones un Estado que cuidada, protege y valora a sus ciudadanos y ciudadanas. Este proceso contin\u00faa con diversas elecciones, siendo la pr\u00f3xima las primarias para Gobernador Regional el 29 de Noviembre,&nbsp; donde se inicia el camino hacia el fortalecimiento de las regiones.<\/p>\n\n\n\n<p>Que la alegr\u00eda del triunfo permanezca por siempre en nuestros ojos, y en nuestro pueblo.<\/p>\n\n\n\n<p>Rodolfo C\u00e1rdenas Alvarado<\/p>\n\n\n\n<p>@rodofueguino<\/p>\n\n\n\n<p>Trabajador Social Porvenire\u00f1o<\/p>\n\n\n\n<p>Colectivo Zona Extrema&nbsp;<\/p>\n","protected":false},"excerpt":{"rendered":"<p>El distanciamiento f\u00edsico no impidi\u00f3 que el pueblo Chileno rindiera un homenaje a los principios y valores de una sociedad fraternada, unida en la solidaridad y la libertad que busca&#8230; <a class=\"read-more\" href=\"https:\/\/www.radiopresidenteibanez.cl\/web\/octubre-yo-te-banco-por-rodolfo-cardenas\/\">Leer m\u00e1s<\/a><\/p>\n","protected":false},"author":2,"featured_media":15548,"comment_status":"closed","ping_status":"closed","sticky":false,"template":"","format":"standard","meta":{"footnotes":""},"categories":[1],"tags":[],"class_list":["post-15547","post","type-post","status-publish","format-standard","has-post-thumbnail","hentry","category-cronica"],"_links":{"self":[{"href":"https:\/\/www.radiopresidenteibanez.cl\/web\/wp-json\/wp\/v2\/posts\/15547","targetHints":{"allow":["GET"]}}],"collection":[{"href":"https:\/\/www.radiopresidenteibanez.cl\/web\/wp-json\/wp\/v2\/posts"}],"about":[{"href":"https:\/\/www.radiopresidenteibanez.cl\/web\/wp-json\/wp\/v2\/types\/post"}],"author":[{"embeddable":true,"href":"https:\/\/www.radiopresidenteibanez.cl\/web\/wp-json\/wp\/v2\/users\/2"}],"replies":[{"embeddable":true,"href":"https:\/\/www.radiopresidenteibanez.cl\/web\/wp-json\/wp\/v2\/comments?post=15547"}],"version-history":[{"count":0,"href":"https:\/\/www.radiopresidenteibanez.cl\/web\/wp-json\/wp\/v2\/posts\/15547\/revisions"}],"wp:featuredmedia":[{"embeddable":true,"href":"https:\/\/www.radiopresidenteibanez.cl\/web\/wp-json\/wp\/v2\/media\/15548"}],"wp:attachment":[{"href":"https:\/\/www.radiopresidenteibanez.cl\/web\/wp-json\/wp\/v2\/media?parent=15547"}],"wp:term":[{"taxonomy":"category","embeddable":true,"href":"https:\/\/www.radiopresidenteibanez.cl\/web\/wp-json\/wp\/v2\/categories?post=15547"},{"taxonomy":"post_tag","embeddable":true,"href":"https:\/\/www.radiopresidenteibanez.cl\/web\/wp-json\/wp\/v2\/tags?post=15547"}],"curies":[{"name":"wp","href":"https:\/\/api.w.org\/{rel}","templated":true}]}}