{"id":15538,"date":"2020-10-30T01:36:25","date_gmt":"2020-10-30T01:36:25","guid":{"rendered":"https:\/\/www.radiopresidenteibanez.cl\/web\/?p=15538"},"modified":"2020-10-30T01:36:30","modified_gmt":"2020-10-30T01:36:30","slug":"autoridades-inauguran-nuevo-centro-de-trazabilidad-y-residencia-sanitaria-en-puerto-natales","status":"publish","type":"post","link":"https:\/\/www.radiopresidenteibanez.cl\/web\/autoridades-inauguran-nuevo-centro-de-trazabilidad-y-residencia-sanitaria-en-puerto-natales\/","title":{"rendered":"AUTORIDADES INAUGURAN NUEVO CENTRO DE TRAZABILIDAD Y RESIDENCIA SANITARIA EN PUERTO NATALES"},"content":{"rendered":"\n<p>Como\nparte del reforzamiento de la Estrategia de Testeo, Trazabilidad y Aislamiento (TTA)\nque se est\u00e1 desarrollando a nivel regional para enfrentar la pandemia, hoy junto\na Intendenta Jennifer Rojas, Seremi de Gobierno Alejandra Mu\u00f1oz, Gobernado de\n\u00daltima Esperanza Ra\u00fal Suazo, se realiz\u00f3 la inauguraci\u00f3n de un centro de\ntrazabilidad en Puerto Natales que permitir\u00e1 ampliar la capacidad de\nrealizaci\u00f3n de este proceso a casos positivos y contactos estrechos para que\ninicien oportunamente su aislamiento. En la misma l\u00ednea, tambi\u00e9n se realiz\u00f3 la\npresentaci\u00f3n de una nueva residencia sanitaria en la capital de \u00daltima\nEsperanza, aumentando en 39 habitaciones y 73 camas la disponibilidad en esa\ncomuna. <\/p>\n\n\n\n<p>La trazabilidad es uno de\nlos pilares fundamentales de la estrategia para enfrentar el coronavirus, por\nlo que el Ministerio de Salud est\u00e1 haciendo importantes esfuerzos para mejorar\ny fortalecer este sistema a lo largo de toda la regi\u00f3n de Magallanes.&nbsp; Este proceso permite identificar de manera\noportuna a las personas que tuvieron contacto con un caso contagiaste y tiene\ncomo objetivo principal contribuir a limitar la transmisi\u00f3n de persona a\npersona mediante la detecci\u00f3n r\u00e1pida de los casos COVID-19 y la identificaci\u00f3n\nde sus contactos antes de 48 horas. Se trata de un paso importante en la\ndescentralizaci\u00f3n de estas funciones y potenciaci\u00f3n de la trazabilidad en todo\nel territorio. <\/p>\n\n\n\n<p>Al respecto el Seremi de\nSalud (s) Eduardo Castillo se\u00f1al\u00f3 que: \u201cHoy la trazabilidad se ha reforzado,\ntrabajamos para que el resultado sea en el menor tiempo posible, que el\ncontacto con las personas sean entre 24 y 48 horas, y que existan condiciones\nde aislamiento para quienes no puedan cumplir con una cuarentena &nbsp;segura, por eso hemos aumentado la capacidad\nde camas en residencias sanitarias; &nbsp;es\ntoda una estrategia que se refuerza en un trabajo coordinado entre Seremi de\nSalud, Servicio de Salud y Atenci\u00f3n Primaria. &nbsp;Adem\u00e1s, necesitamos reforzar medidas\npreventivas y autocuidado para tomar el modo de vida Covid y proyectarlo hasta\nque exista vacuna.\u201d<\/p>\n\n\n\n<p>En Puerto Natales al inicio de la\npandemia se contaba con 3 trazadores que eran funcionarios de la Oficina\nProvincial de la SEREMI de Salud. Pero dado el aumento de casos y el\nreforzamiento de esta estrategia en provincias, este nuevo centro incorpora a 8\nprofesionales en total que se dedicar\u00e1n a esta labor de forma exclusiva\naumentando a 82 trazadores a nivel regional. <\/p>\n\n\n\n<p>Durante la jornada se present\u00f3 una\nnueva residencia que posibilitar\u00e1 aumentar la oferta en la provincia de \u00daltima\nEsperanza para que los casos positivos, contactos estrechos y casos probables\ncumplan adecuadamente su aislamiento, especialmente si no cuentan con\ncondiciones id\u00f3neas para cumplirla en sus hogares. De esta forma Puerto Natales\nya cuenta con tres residencias con un total de 73 habitaciones y 107 camas.&nbsp;&nbsp; <\/p>\n\n\n\n<p>La atenci\u00f3n en residencias sanitarias\nest\u00e1 compuesta por dupla cl\u00ednica de profesional en salud y t\u00e9cnico en\nenfermer\u00eda en rol de cuarto turno adem\u00e1s de un m\u00e9dico exclusivo para\nresidencias sanitarias. Junto a ello los usuarios de residencias y sus\nfuncionarios pueden acceder a atenci\u00f3n psicol\u00f3gica. <\/p>\n\n\n\n<p>Finalmente, la Intendenta Jennifer\nRojas agreg\u00f3 que: \u201cEstas son muy buenas noticias para la comuna de Puerto\nNatales, donde hay una alta tasa de incidencia de casos de coronavirus. Siempre\nes bueno venir a ver en terreno c\u00f3mo se est\u00e1 combatiendo la pandemia,\ntrabajando y articulando todo, existe una coordinaci\u00f3n de diversos agentes\nsanitarios, sociales y econ\u00f3micos, lo que nos da un camino para que Puerto\nNatales pueda salir adelante en un futuro bien pr\u00f3ximo\u201d. <\/p>\n","protected":false},"excerpt":{"rendered":"<p>Como parte del reforzamiento de la Estrategia de Testeo, Trazabilidad y Aislamiento (TTA) que se est\u00e1 desarrollando a nivel regional para enfrentar la pandemia, hoy junto a Intendenta Jennifer Rojas,&#8230; <a class=\"read-more\" href=\"https:\/\/www.radiopresidenteibanez.cl\/web\/autoridades-inauguran-nuevo-centro-de-trazabilidad-y-residencia-sanitaria-en-puerto-natales\/\">Leer m\u00e1s<\/a><\/p>\n","protected":false},"author":2,"featured_media":15539,"comment_status":"closed","ping_status":"closed","sticky":false,"template":"","format":"standard","meta":{"footnotes":""},"categories":[1],"tags":[],"class_list":["post-15538","post","type-post","status-publish","format-standard","has-post-thumbnail","hentry","category-cronica"],"_links":{"self":[{"href":"https:\/\/www.radiopresidenteibanez.cl\/web\/wp-json\/wp\/v2\/posts\/15538","targetHints":{"allow":["GET"]}}],"collection":[{"href":"https:\/\/www.radiopresidenteibanez.cl\/web\/wp-json\/wp\/v2\/posts"}],"about":[{"href":"https:\/\/www.radiopresidenteibanez.cl\/web\/wp-json\/wp\/v2\/types\/post"}],"author":[{"embeddable":true,"href":"https:\/\/www.radiopresidenteibanez.cl\/web\/wp-json\/wp\/v2\/users\/2"}],"replies":[{"embeddable":true,"href":"https:\/\/www.radiopresidenteibanez.cl\/web\/wp-json\/wp\/v2\/comments?post=15538"}],"version-history":[{"count":0,"href":"https:\/\/www.radiopresidenteibanez.cl\/web\/wp-json\/wp\/v2\/posts\/15538\/revisions"}],"wp:featuredmedia":[{"embeddable":true,"href":"https:\/\/www.radiopresidenteibanez.cl\/web\/wp-json\/wp\/v2\/media\/15539"}],"wp:attachment":[{"href":"https:\/\/www.radiopresidenteibanez.cl\/web\/wp-json\/wp\/v2\/media?parent=15538"}],"wp:term":[{"taxonomy":"category","embeddable":true,"href":"https:\/\/www.radiopresidenteibanez.cl\/web\/wp-json\/wp\/v2\/categories?post=15538"},{"taxonomy":"post_tag","embeddable":true,"href":"https:\/\/www.radiopresidenteibanez.cl\/web\/wp-json\/wp\/v2\/tags?post=15538"}],"curies":[{"name":"wp","href":"https:\/\/api.w.org\/{rel}","templated":true}]}}