{"id":15535,"date":"2020-10-30T01:34:24","date_gmt":"2020-10-30T01:34:24","guid":{"rendered":"https:\/\/www.radiopresidenteibanez.cl\/web\/?p=15535"},"modified":"2020-10-30T01:34:35","modified_gmt":"2020-10-30T01:34:35","slug":"grupo-de-aviacion-n6-conecta-isla-navarino-en-apoyo-a-la-comunidad-austral-del-pais","status":"publish","type":"post","link":"https:\/\/www.radiopresidenteibanez.cl\/web\/grupo-de-aviacion-n6-conecta-isla-navarino-en-apoyo-a-la-comunidad-austral-del-pais\/","title":{"rendered":"GRUPO DE AVIACI\u00d3N N\u00b06 CONECTA ISLA NAVARINO EN APOYO A LA COMUNIDAD AUSTRAL DEL PA\u00cdS"},"content":{"rendered":"\n<p>Conectando el territorio regional, la IV\u00aa Brigada A\u00e9rea, a trav\u00e9s del Grupo de Aviaci\u00f3n N\u00b06, efectu\u00f3 un nuevo apoyo a la comunidad austral del pa\u00eds, trasladando importante carga y a personal del Servicio de Salud Magallanes desde Puerto Williams a Punta Arenas, en una aeronave DHC-6 Twin Otter, el mi\u00e9rcoles 28 de octubre.<\/p>\n\n\n\n<p>La tripulaci\u00f3n inici\u00f3 dicha operaci\u00f3n a\u00e9rea en la Base A\u00e9rea Chabunco, con destino al aer\u00f3dromo Guardiamarina Za\u00f1artu de la capital de la Provincia Ant\u00e1rtica, donde se procedi\u00f3 a cargar muestras PCR y las votaciones del Plebiscito Nacional, junto con el embarque de los profesionales del Servicio de Salud Magallanes, quienes reforzaron las atenciones en el Hospital Comunitario Cristina Calder\u00f3n. <\/p>\n\n\n\n<p>\u201cSin duda, ha sido fundamental poder contar con el apoyo de la Fuerza A\u00e9rea, ya que nos ha permitido trasladar a nuestros refuerzos y toda la carga sanitaria de manera oportuna\u201d, expres\u00f3 la Directora (S) del Hospital Comunitario de Puerto Williams, Andrea G\u00f3mez.<\/p>\n\n\n\n<p>La aeronave arrib\u00f3 de regreso a la ciudad de Punta Arenas tras una hora y quince minutos de vuelo, efectuando el desembarque de los pasajeros y la entrega de las muestras al Servicio de Salud Magallanes, mientras que los sufragios fueron entregados al Servicio Electoral (Servel), bajo todos los protocolos sanitarios y de seguridad establecidos.<br> La IV\u00aa Brigada A\u00e9rea ha mantenido un significativo apoyo a la conectividad de la Isla Navarino en el marco de la pandemia que afecta al pa\u00eds, y ha desarrollado un trabajo permanente a disposici\u00f3n de la autoridad sanitaria, desde el inicio del Estado de Excepci\u00f3n Constitucional de Cat\u00e1strofe. <\/p>\n","protected":false},"excerpt":{"rendered":"<p>Conectando el territorio regional, la IV\u00aa Brigada A\u00e9rea, a trav\u00e9s del Grupo de Aviaci\u00f3n N\u00b06, efectu\u00f3 un nuevo apoyo a la comunidad austral del pa\u00eds, trasladando importante carga y a&#8230; <a class=\"read-more\" href=\"https:\/\/www.radiopresidenteibanez.cl\/web\/grupo-de-aviacion-n6-conecta-isla-navarino-en-apoyo-a-la-comunidad-austral-del-pais\/\">Leer m\u00e1s<\/a><\/p>\n","protected":false},"author":2,"featured_media":15536,"comment_status":"closed","ping_status":"closed","sticky":false,"template":"","format":"standard","meta":{"footnotes":""},"categories":[1],"tags":[],"class_list":["post-15535","post","type-post","status-publish","format-standard","has-post-thumbnail","hentry","category-cronica"],"_links":{"self":[{"href":"https:\/\/www.radiopresidenteibanez.cl\/web\/wp-json\/wp\/v2\/posts\/15535","targetHints":{"allow":["GET"]}}],"collection":[{"href":"https:\/\/www.radiopresidenteibanez.cl\/web\/wp-json\/wp\/v2\/posts"}],"about":[{"href":"https:\/\/www.radiopresidenteibanez.cl\/web\/wp-json\/wp\/v2\/types\/post"}],"author":[{"embeddable":true,"href":"https:\/\/www.radiopresidenteibanez.cl\/web\/wp-json\/wp\/v2\/users\/2"}],"replies":[{"embeddable":true,"href":"https:\/\/www.radiopresidenteibanez.cl\/web\/wp-json\/wp\/v2\/comments?post=15535"}],"version-history":[{"count":0,"href":"https:\/\/www.radiopresidenteibanez.cl\/web\/wp-json\/wp\/v2\/posts\/15535\/revisions"}],"wp:featuredmedia":[{"embeddable":true,"href":"https:\/\/www.radiopresidenteibanez.cl\/web\/wp-json\/wp\/v2\/media\/15536"}],"wp:attachment":[{"href":"https:\/\/www.radiopresidenteibanez.cl\/web\/wp-json\/wp\/v2\/media?parent=15535"}],"wp:term":[{"taxonomy":"category","embeddable":true,"href":"https:\/\/www.radiopresidenteibanez.cl\/web\/wp-json\/wp\/v2\/categories?post=15535"},{"taxonomy":"post_tag","embeddable":true,"href":"https:\/\/www.radiopresidenteibanez.cl\/web\/wp-json\/wp\/v2\/tags?post=15535"}],"curies":[{"name":"wp","href":"https:\/\/api.w.org\/{rel}","templated":true}]}}