{"id":15532,"date":"2020-10-30T01:32:03","date_gmt":"2020-10-30T01:32:03","guid":{"rendered":"https:\/\/www.radiopresidenteibanez.cl\/web\/?p=15532"},"modified":"2020-10-30T01:32:08","modified_gmt":"2020-10-30T01:32:08","slug":"seremi-de-desarrollo-social-y-familia-aprobo-el-mejoramiento-de-calles-para-punta-arenas","status":"publish","type":"post","link":"https:\/\/www.radiopresidenteibanez.cl\/web\/seremi-de-desarrollo-social-y-familia-aprobo-el-mejoramiento-de-calles-para-punta-arenas\/","title":{"rendered":"SEREMI DE DESARROLLO SOCIAL Y FAMILIA APROB\u00d3 EL MEJORAMIENTO DE CALLES PARA PUNTA ARENAS"},"content":{"rendered":"\n<p>De acuerdo a la estimaci\u00f3n de los requerimientos de nuevas viviendas en el pa\u00eds, el Ministerio de Vivienda y Urbanismo presenta un indicador sobre el d\u00e9ficit habitacional cuantitativo, construido en base a informaci\u00f3n del Censo.<\/p>\n\n\n\n<p>Seg\u00fan los \u00faltimos datos recopilados en el 2017, la Regi\u00f3n de Magallanes y de la Ant\u00e1rtica Chilena necesita 3.623 nuevas viviendas. De esta cifra 2.270 corresponden a viviendas cuyo nivel de deterioro representan una necesidad de reemplazo, 764 a viviendas de hogares con allegados y 589 a n\u00facleos de allegados con independencia econ\u00f3mica en condiciones de hacinamiento.<\/p>\n\n\n\n<p>Bajo esta realidad, nuestro Gobierno a trav\u00e9s de la Secretar\u00eda Regional Ministerial de Vivienda y Urbanismo puso en marcha un plan que tiene como meta construir 4 mil nuevas viviendas, de las cuales ya se han entregado 2.600.<\/p>\n\n\n\n<p>Uno de los sectores de Punta Arenas donde se concentra este desarrollo inmobiliario corresponde al \u00e1rea adyacente a las calles Manuel Aguilar y General de Canto, esta \u00faltima desde la avenida Circunvalaci\u00f3n hacia el l\u00edmite urbano poniente, y que actualmente cuenta con m\u00e1s de mil 400 viviendas, recibiendo cerca de 3 mil veh\u00edculos por d\u00eda.<\/p>\n\n\n\n<p>Es por ello que el Ministerio de Vivienda y Urbanismo presentar\u00e1 al Gobierno Regional un proyecto de mejoramiento para ambas calles, cada una con 1.000 metros de longitud, y que tendr\u00e1 un inversi\u00f3n total de $ 4 mil millones.<\/p>\n\n\n\n<p>La iniciativa fue aprobada recientemente por los analistas del departamento de Inversiones de la Secretar\u00eda Regional Ministerial de Desarrollo Social y Familia, quienes tienen la misi\u00f3n de evaluar que los proyectos, programas y estudios que solicitan financiamiento del Estado cumplan con la rentabilidad social, entendida como los beneficios para la sociedad.<\/p>\n\n\n\n<p>Para la Seremi de Desarrollo Social y Familia subrogante de Magallanes, Catalina Alarc\u00f3n \u201ccon esta recomendaci\u00f3n y posterior financiamiento se podr\u00e1n contar con los dise\u00f1os de ingenier\u00eda definitivos y posteriormente ejecutar las construcciones. Llegar a este punto conlleva un esfuerzo mancomunado entre el Ministerio de Desarrollo Social y Familia, Ministerio de Vivienda y Urbanismo y el Gobierno Regional de Magallanes con la participaci\u00f3n de los vecinos y usuarios de las v\u00edas que hicieron presente sus necesidades\u201d.<\/p>\n\n\n\n<p>A su vez, el Seremi de Vivienda y Urbanismo, Jos\u00e9 Miguel Horcos, se\u00f1al\u00f3 que \u201cdurante los \u00faltimos a\u00f1os hemos visto como Punta Arenas ha crecido tanto hacia el sector sur como para el poniente, y el hecho de generar m\u00e1s viviendas nos demanda contar con calles pavimentadas y as\u00ed mejorar la calidad de vida de las personas. Con la recomendaci\u00f3n satisfactoria de las calles Manuel Aguilar y General del Canto por parte del Ministerio de Desarrollo Social y Familia, solicitaremos los recursos al Gobierno Regional para poder pavimentar estas importantes arterias de la ciudad\u201d.<\/p>\n\n\n\n<p>Pavimentar las calles en zonas residenciales tiene un impacto positivo en variables de un hogar, como el aumento del valor de la propiedad, menor tiempo de desplazamiento para los usuarios de veh\u00edculos, posibilidades de mayor desarrollo y una mejor imagen del entorno.<\/p>\n","protected":false},"excerpt":{"rendered":"<p>De acuerdo a la estimaci\u00f3n de los requerimientos de nuevas viviendas en el pa\u00eds, el Ministerio de Vivienda y Urbanismo presenta un indicador sobre el d\u00e9ficit habitacional cuantitativo, construido en&#8230; <a class=\"read-more\" href=\"https:\/\/www.radiopresidenteibanez.cl\/web\/seremi-de-desarrollo-social-y-familia-aprobo-el-mejoramiento-de-calles-para-punta-arenas\/\">Leer m\u00e1s<\/a><\/p>\n","protected":false},"author":2,"featured_media":15533,"comment_status":"closed","ping_status":"closed","sticky":false,"template":"","format":"standard","meta":{"footnotes":""},"categories":[1],"tags":[],"class_list":["post-15532","post","type-post","status-publish","format-standard","has-post-thumbnail","hentry","category-cronica"],"_links":{"self":[{"href":"https:\/\/www.radiopresidenteibanez.cl\/web\/wp-json\/wp\/v2\/posts\/15532","targetHints":{"allow":["GET"]}}],"collection":[{"href":"https:\/\/www.radiopresidenteibanez.cl\/web\/wp-json\/wp\/v2\/posts"}],"about":[{"href":"https:\/\/www.radiopresidenteibanez.cl\/web\/wp-json\/wp\/v2\/types\/post"}],"author":[{"embeddable":true,"href":"https:\/\/www.radiopresidenteibanez.cl\/web\/wp-json\/wp\/v2\/users\/2"}],"replies":[{"embeddable":true,"href":"https:\/\/www.radiopresidenteibanez.cl\/web\/wp-json\/wp\/v2\/comments?post=15532"}],"version-history":[{"count":0,"href":"https:\/\/www.radiopresidenteibanez.cl\/web\/wp-json\/wp\/v2\/posts\/15532\/revisions"}],"wp:featuredmedia":[{"embeddable":true,"href":"https:\/\/www.radiopresidenteibanez.cl\/web\/wp-json\/wp\/v2\/media\/15533"}],"wp:attachment":[{"href":"https:\/\/www.radiopresidenteibanez.cl\/web\/wp-json\/wp\/v2\/media?parent=15532"}],"wp:term":[{"taxonomy":"category","embeddable":true,"href":"https:\/\/www.radiopresidenteibanez.cl\/web\/wp-json\/wp\/v2\/categories?post=15532"},{"taxonomy":"post_tag","embeddable":true,"href":"https:\/\/www.radiopresidenteibanez.cl\/web\/wp-json\/wp\/v2\/tags?post=15532"}],"curies":[{"name":"wp","href":"https:\/\/api.w.org\/{rel}","templated":true}]}}