{"id":15530,"date":"2020-10-30T01:28:50","date_gmt":"2020-10-30T01:28:50","guid":{"rendered":"https:\/\/www.radiopresidenteibanez.cl\/web\/?p=15530"},"modified":"2020-10-30T01:28:55","modified_gmt":"2020-10-30T01:28:55","slug":"diputado-bianchi-por-segundo-retiro-el-ministro-briones-es-insensible-y-no-tiene-moralidad","status":"publish","type":"post","link":"https:\/\/www.radiopresidenteibanez.cl\/web\/diputado-bianchi-por-segundo-retiro-el-ministro-briones-es-insensible-y-no-tiene-moralidad\/","title":{"rendered":"DIPUTADO BIANCHI POR SEGUNDO RETIRO: \u201cEL MINISTRO BRIONES ES INSENSIBLE Y NO TIENE MORALIDAD\u201d"},"content":{"rendered":"\n<p>El\ndiputado independiente, autor de los dos proyectos de retiro de fondos, se\u00f1al\u00f3\nque el ministro de Hacienda, Ignacio Briones, \u201ces insensible y no tiene\nmoralidad\u201d ya que el gobierno solo est\u00e1 amenazando a la Comisi\u00f3n de Constituci\u00f3n\ny a la ciudadan\u00eda con las pensiones futuras y con ir a un Tribunal\nConstitucional para desechar la moci\u00f3n.<\/p>\n\n\n\n<p>Asimismo,\nasegura que el gobierno no ha presentado \u201cun plan b\u201d al segundo retiro del 10%\nque fue aprobado en general en la Comisi\u00f3n de Constituci\u00f3n, y \u201clo \u00fanico que ha\ndefendido es a las AFP\u201d.<\/p>\n\n\n\n<p>El\nproyecto presentado por Bianchi, que busca un segundo retiro de fondos de las\nAFP, establece adem\u00e1s el car\u00e1cter permanente del retiro, es decir, posibilitar\nel reintegro de los fondos para quienes puedan hacerlo, los puedan sacar cuando\nlo necesiten.<\/p>\n\n\n\n<p>Si\nbien hace hincapi\u00e9 en que este proyecto no es lo ideal, se\u00f1ala que por parte\ndel gobierno \u201cha habido una insensibilidad total\u201d y afirma que las ayudas\nprestadas por el gobierno se deben ampliar, estas no han sido suficientes y \u201ctienen\nfecha de vencimiento\u201d.<\/p>\n\n\n\n<p>\u201cSi\nla ministra dice que es contradictorio (el retiro), entonces que diga el\ngobierno qu\u00e9 va a hacer o qu\u00e9 acci\u00f3n va a tomar para evitar este 10%\u201d, expres\u00f3\nel diputado por Magallanes.<\/p>\n\n\n\n<p>\u201cYo\ncreo que ac\u00e1 no se trata de decir qui\u00e9n va a tener la raz\u00f3n al final, sino ver\nc\u00f3mo solucionamos el problema, entonces el gobierno tambi\u00e9n tiene que allanarse\na una soluci\u00f3n\u201d, insisti\u00f3 el parlamentario.<\/p>\n","protected":false},"excerpt":{"rendered":"<p>El diputado independiente, autor de los dos proyectos de retiro de fondos, se\u00f1al\u00f3 que el ministro de Hacienda, Ignacio Briones, \u201ces insensible y no tiene moralidad\u201d ya que el gobierno&#8230; <a class=\"read-more\" href=\"https:\/\/www.radiopresidenteibanez.cl\/web\/diputado-bianchi-por-segundo-retiro-el-ministro-briones-es-insensible-y-no-tiene-moralidad\/\">Leer m\u00e1s<\/a><\/p>\n","protected":false},"author":2,"featured_media":3800,"comment_status":"closed","ping_status":"closed","sticky":false,"template":"","format":"standard","meta":{"footnotes":""},"categories":[1],"tags":[],"class_list":["post-15530","post","type-post","status-publish","format-standard","has-post-thumbnail","hentry","category-cronica"],"_links":{"self":[{"href":"https:\/\/www.radiopresidenteibanez.cl\/web\/wp-json\/wp\/v2\/posts\/15530","targetHints":{"allow":["GET"]}}],"collection":[{"href":"https:\/\/www.radiopresidenteibanez.cl\/web\/wp-json\/wp\/v2\/posts"}],"about":[{"href":"https:\/\/www.radiopresidenteibanez.cl\/web\/wp-json\/wp\/v2\/types\/post"}],"author":[{"embeddable":true,"href":"https:\/\/www.radiopresidenteibanez.cl\/web\/wp-json\/wp\/v2\/users\/2"}],"replies":[{"embeddable":true,"href":"https:\/\/www.radiopresidenteibanez.cl\/web\/wp-json\/wp\/v2\/comments?post=15530"}],"version-history":[{"count":0,"href":"https:\/\/www.radiopresidenteibanez.cl\/web\/wp-json\/wp\/v2\/posts\/15530\/revisions"}],"wp:featuredmedia":[{"embeddable":true,"href":"https:\/\/www.radiopresidenteibanez.cl\/web\/wp-json\/wp\/v2\/media\/3800"}],"wp:attachment":[{"href":"https:\/\/www.radiopresidenteibanez.cl\/web\/wp-json\/wp\/v2\/media?parent=15530"}],"wp:term":[{"taxonomy":"category","embeddable":true,"href":"https:\/\/www.radiopresidenteibanez.cl\/web\/wp-json\/wp\/v2\/categories?post=15530"},{"taxonomy":"post_tag","embeddable":true,"href":"https:\/\/www.radiopresidenteibanez.cl\/web\/wp-json\/wp\/v2\/tags?post=15530"}],"curies":[{"name":"wp","href":"https:\/\/api.w.org\/{rel}","templated":true}]}}