{"id":15528,"date":"2020-10-30T01:26:09","date_gmt":"2020-10-30T01:26:09","guid":{"rendered":"https:\/\/www.radiopresidenteibanez.cl\/web\/?p=15528"},"modified":"2020-10-30T01:26:16","modified_gmt":"2020-10-30T01:26:16","slug":"diputado-bianchi-el-parlamentario-que-no-puede-parlamentar","status":"publish","type":"post","link":"https:\/\/www.radiopresidenteibanez.cl\/web\/diputado-bianchi-el-parlamentario-que-no-puede-parlamentar\/","title":{"rendered":"DIPUTADO BIANCHI: EL PARLAMENTARIO QUE NO PUEDE PARLAMENTAR"},"content":{"rendered":"\n<p>\u201cHace\nun mes que no estoy en una bancada y he perdido toda posibilidad de poder\nparticipar de la discusi\u00f3n de proyectos y no puedo hacer uso de la palabra\u201d,\nexpres\u00f3 el diputado por Magallanes.<\/p>\n\n\n\n<p>Por\nser independiente y haber renunciado a la bancada radical, el parlamentario ha\ncriticado duramente el reglamento que lo imposibilita de participar en la\ndiscusi\u00f3n de los proyectos en la sala de la C\u00e1mara de Diputados. <\/p>\n\n\n\n<p>\u201cSoy\nindependiente como la mayor\u00eda de este pa\u00eds y lo quiero seguir siendo, pero se me\nest\u00e1 restringiendo un derecho por un reglamento que es inconstitucional, lo que\nme impide ejercer mi verdadero mandato del cargo\u201d, asegur\u00f3.<\/p>\n\n\n\n<p>Asimismo,\nse\u00f1al\u00f3 que la presidencia de la mesa directiva de la C\u00e1mara ha profundizado\nesta \u201cmala costumbre\u201d de dividir los tiempos de intervenci\u00f3n por bancada, lo\nque impide el derecho de los independientes a hablar.<\/p>\n\n\n\n<p>\u201cLa\nsoberan\u00eda del pueblo que elige a sus parlamentarios ac\u00e1 se limita por acuerdos\nde comit\u00e9, las bancadas est\u00e1n decidiendo qui\u00e9n habla y qui\u00e9n no. Hoy se\ndistribuyen los tiempos para cumplir con los intereses de los partidos que la\nconforman y no para cumplir con la ciudadan\u00eda\u201d, manifest\u00f3.<\/p>\n","protected":false},"excerpt":{"rendered":"<p>\u201cHace un mes que no estoy en una bancada y he perdido toda posibilidad de poder participar de la discusi\u00f3n de proyectos y no puedo hacer uso de la palabra\u201d,&#8230; <a class=\"read-more\" href=\"https:\/\/www.radiopresidenteibanez.cl\/web\/diputado-bianchi-el-parlamentario-que-no-puede-parlamentar\/\">Leer m\u00e1s<\/a><\/p>\n","protected":false},"author":2,"featured_media":5567,"comment_status":"closed","ping_status":"closed","sticky":false,"template":"","format":"standard","meta":{"footnotes":""},"categories":[1],"tags":[],"class_list":["post-15528","post","type-post","status-publish","format-standard","has-post-thumbnail","hentry","category-cronica"],"_links":{"self":[{"href":"https:\/\/www.radiopresidenteibanez.cl\/web\/wp-json\/wp\/v2\/posts\/15528","targetHints":{"allow":["GET"]}}],"collection":[{"href":"https:\/\/www.radiopresidenteibanez.cl\/web\/wp-json\/wp\/v2\/posts"}],"about":[{"href":"https:\/\/www.radiopresidenteibanez.cl\/web\/wp-json\/wp\/v2\/types\/post"}],"author":[{"embeddable":true,"href":"https:\/\/www.radiopresidenteibanez.cl\/web\/wp-json\/wp\/v2\/users\/2"}],"replies":[{"embeddable":true,"href":"https:\/\/www.radiopresidenteibanez.cl\/web\/wp-json\/wp\/v2\/comments?post=15528"}],"version-history":[{"count":0,"href":"https:\/\/www.radiopresidenteibanez.cl\/web\/wp-json\/wp\/v2\/posts\/15528\/revisions"}],"wp:featuredmedia":[{"embeddable":true,"href":"https:\/\/www.radiopresidenteibanez.cl\/web\/wp-json\/wp\/v2\/media\/5567"}],"wp:attachment":[{"href":"https:\/\/www.radiopresidenteibanez.cl\/web\/wp-json\/wp\/v2\/media?parent=15528"}],"wp:term":[{"taxonomy":"category","embeddable":true,"href":"https:\/\/www.radiopresidenteibanez.cl\/web\/wp-json\/wp\/v2\/categories?post=15528"},{"taxonomy":"post_tag","embeddable":true,"href":"https:\/\/www.radiopresidenteibanez.cl\/web\/wp-json\/wp\/v2\/tags?post=15528"}],"curies":[{"name":"wp","href":"https:\/\/api.w.org\/{rel}","templated":true}]}}