{"id":15518,"date":"2020-10-29T15:29:15","date_gmt":"2020-10-29T15:29:15","guid":{"rendered":"https:\/\/www.radiopresidenteibanez.cl\/web\/?p=15518"},"modified":"2020-10-29T15:29:20","modified_gmt":"2020-10-29T15:29:20","slug":"sujetos-fueron-condenados-por-drogar-violar-y-abusar-sexualmente-de-menores-de-edad-2","status":"publish","type":"post","link":"https:\/\/www.radiopresidenteibanez.cl\/web\/sujetos-fueron-condenados-por-drogar-violar-y-abusar-sexualmente-de-menores-de-edad-2\/","title":{"rendered":"SUJETOS FUERON CONDENADOS POR DROGAR VIOLAR Y ABUSAR SEXUALMENTE DE MENORES DE EDAD"},"content":{"rendered":"\n<p>Como\nautor del delito consumado de&nbsp; violaci\u00f3n\nimpropia, hoy, en juicio oral, Luis\nAlejandro Sep\u00falveda Mart\u00ednez fue condenado a 7 a\u00f1os de c\u00e1rcel y &nbsp;Camilo Hern\u00e1n Vargas Gam\u00edn a 4 a\u00f1os de\npresidio como autor de abuso sexual. Respectivamente&nbsp; deber\u00e1n cumplir tambi\u00e9n a 541 d\u00edas y a 61 d\u00edas\nde reclusi\u00f3n por su responsabilidad &nbsp;en el delito de microtr\u00e1fico y\npenas accesorias.<\/p>\n\n\n\n<p>Cabe recordar que durante la audiencia, el Fiscal\nJefe de Punta Arenas, Fernando Dobson, prob\u00f3 que el 24 de\njunio del a\u00f1o pasado, dos menores de 13 y 14 a\u00f1os de edad abordaron el veh\u00edculo\ndel acusado Sep\u00falveda Mart\u00ednez, quien a su vez transportaba a Vargas Gam\u00edn\ndirigi\u00e9ndose &nbsp;todos al domicilio de \u00e9ste\n\u00faltimo donde les suministraron alcohol y coca\u00edna para luego agredirlas sexualmente.<\/p>\n","protected":false},"excerpt":{"rendered":"<p>Como autor del delito consumado de&nbsp; violaci\u00f3n impropia, hoy, en juicio oral, Luis Alejandro Sep\u00falveda Mart\u00ednez fue condenado a 7 a\u00f1os de c\u00e1rcel y &nbsp;Camilo Hern\u00e1n Vargas Gam\u00edn a 4&#8230; <a class=\"read-more\" href=\"https:\/\/www.radiopresidenteibanez.cl\/web\/sujetos-fueron-condenados-por-drogar-violar-y-abusar-sexualmente-de-menores-de-edad-2\/\">Leer m\u00e1s<\/a><\/p>\n","protected":false},"author":2,"featured_media":740,"comment_status":"closed","ping_status":"closed","sticky":false,"template":"","format":"standard","meta":{"footnotes":""},"categories":[1],"tags":[],"class_list":["post-15518","post","type-post","status-publish","format-standard","has-post-thumbnail","hentry","category-cronica"],"_links":{"self":[{"href":"https:\/\/www.radiopresidenteibanez.cl\/web\/wp-json\/wp\/v2\/posts\/15518","targetHints":{"allow":["GET"]}}],"collection":[{"href":"https:\/\/www.radiopresidenteibanez.cl\/web\/wp-json\/wp\/v2\/posts"}],"about":[{"href":"https:\/\/www.radiopresidenteibanez.cl\/web\/wp-json\/wp\/v2\/types\/post"}],"author":[{"embeddable":true,"href":"https:\/\/www.radiopresidenteibanez.cl\/web\/wp-json\/wp\/v2\/users\/2"}],"replies":[{"embeddable":true,"href":"https:\/\/www.radiopresidenteibanez.cl\/web\/wp-json\/wp\/v2\/comments?post=15518"}],"version-history":[{"count":0,"href":"https:\/\/www.radiopresidenteibanez.cl\/web\/wp-json\/wp\/v2\/posts\/15518\/revisions"}],"wp:featuredmedia":[{"embeddable":true,"href":"https:\/\/www.radiopresidenteibanez.cl\/web\/wp-json\/wp\/v2\/media\/740"}],"wp:attachment":[{"href":"https:\/\/www.radiopresidenteibanez.cl\/web\/wp-json\/wp\/v2\/media?parent=15518"}],"wp:term":[{"taxonomy":"category","embeddable":true,"href":"https:\/\/www.radiopresidenteibanez.cl\/web\/wp-json\/wp\/v2\/categories?post=15518"},{"taxonomy":"post_tag","embeddable":true,"href":"https:\/\/www.radiopresidenteibanez.cl\/web\/wp-json\/wp\/v2\/tags?post=15518"}],"curies":[{"name":"wp","href":"https:\/\/api.w.org\/{rel}","templated":true}]}}