{"id":15515,"date":"2020-10-29T15:22:18","date_gmt":"2020-10-29T15:22:18","guid":{"rendered":"https:\/\/www.radiopresidenteibanez.cl\/web\/?p=15515"},"modified":"2020-10-29T15:22:23","modified_gmt":"2020-10-29T15:22:23","slug":"creacion-de-empresas-sube-145-en-septiembre-en-la-region-de-magallanes","status":"publish","type":"post","link":"https:\/\/www.radiopresidenteibanez.cl\/web\/creacion-de-empresas-sube-145-en-septiembre-en-la-region-de-magallanes\/","title":{"rendered":"CREACI\u00d3N DE EMPRESAS SUBE 14,5% EN SEPTIEMBRE EN LA REGI\u00d3N DE MAGALLANES"},"content":{"rendered":"\n<p>Un total de 150 empresas\nse crearon en la regi\u00f3n de Magallanes durante septiembre a trav\u00e9s del Registro\nde Empresas y Sociedades (RES) del Ministerio de Econom\u00eda, m\u00e1s conocido como el\nportal <a href=\"http:\/\/www.tuempresaenundia.cl\">www.tuempresaenundia.cl<\/a>, lo que implic\u00f3 un aumento de 14,5% con\nrespecto al mismo mes del a\u00f1o pasado.<\/p>\n\n\n\n<p>Con este positivo\nresultado, se sumaron 1.063 nuevas empresas constituidas entre enero y\nseptiembre de este a\u00f1o, registrando un incremento de 8,5% en comparaci\u00f3n con\nmismo periodo de 2019.<\/p>\n\n\n\n<p>Ante esto, el\nsubsecretario de Econom\u00eda, Esteban Carrasco, afirm\u00f3 <a>que\n\u201c<\/a>como una forma de hacer frente a los efectos de la pandemia en el mercado\ndel trabajo, muchas personas se est\u00e1n atreviendo a desarrollar sus ideas y\npropios negocios, viendo que emprender les puede permitir tener flexibilidad\nlaboral y una fuente de sustento para sus familias. Por ello, uno de los cuatro\nejes del Plan Paso a Paso Chile se Recupera del Gobierno es justamente trabajar\nen iniciativas que permitan la simplificaci\u00f3n de tr\u00e1mites y facilitar as\u00ed la\nvida a los emprendedores\u201d.<\/p>\n\n\n\n<p>A su vez, la seremi de\nEconom\u00eda, Natalia Easton, sostuvo que \u201cdesde\nque inici\u00f3 esta pandemia, hemos visto como muchas empresas locales han sufrido\nlos efectos del confinamiento y han tenido que adecuarse y reinventarse para\nmantenerse en pie. Tambi\u00e9n hemos observado c\u00f3mo muchos Magall\u00e1nicos se han\natrevido a emprender con nuevos negocios, buscando aprovechar las oportunidades\nque se generan en crisis c\u00f3mo est\u00e1s, en las que cambian las necesidades y\ndemandas de los consumidores. Acumulamos m\u00e1s de 750 nuevas empresas creadas\ndesde abril en Magallanes, lo que se traduce en una se\u00f1al positiva y optimista\ndel ecosistema emprendedor que, no me cabe duda, ser\u00e1 protagonista de la\nreactivaci\u00f3n\u201d.&nbsp; <\/p>\n\n\n\n<p>Con todo, se han creado\nun total de 7.060 empresas en la regi\u00f3n de Magallanes desde que se comenz\u00f3 a\nimplementar la plataforma <a href=\"http:\/\/www.tuempresaenundia.cl\">www.tuempresaenundia.cl<\/a> en mayo de 2013.<\/p>\n\n\n\n<p><strong>CIFRAS\nNACIONALES<\/strong><\/p>\n\n\n\n<p>Por un lado, la creaci\u00f3n\nde empresas a trav\u00e9s del sistema tradicional del Diario Oficial baj\u00f3 un 2,3% en\nseptiembre en relaci\u00f3n a igual mes de 2019, pero por otro lado, la creaci\u00f3n de\nempresas a trav\u00e9s la plataforma <a href=\"http:\/\/www.tuempresaenundia.cl\">www.tuempresaenundia.cl<\/a> del Ministerio de Econom\u00eda escal\u00f3 un\n70,8%, constatando as\u00ed la preferencia de la ciudadan\u00eda por constituir los\nnuevos negocios de forma virtual&nbsp; a\ntrav\u00e9s de este portal.<\/p>\n\n\n\n<p>De todas formas, la creaci\u00f3n de empresas sumada en ambos\nsistemas anot\u00f3 un alza un 55% en septiembre con respecto al mismo mes de 2019.<\/p>\n","protected":false},"excerpt":{"rendered":"<p>Un total de 150 empresas se crearon en la regi\u00f3n de Magallanes durante septiembre a trav\u00e9s del Registro de Empresas y Sociedades (RES) del Ministerio de Econom\u00eda, m\u00e1s conocido como&#8230; <a class=\"read-more\" href=\"https:\/\/www.radiopresidenteibanez.cl\/web\/creacion-de-empresas-sube-145-en-septiembre-en-la-region-de-magallanes\/\">Leer m\u00e1s<\/a><\/p>\n","protected":false},"author":2,"featured_media":15516,"comment_status":"closed","ping_status":"closed","sticky":false,"template":"","format":"standard","meta":{"footnotes":""},"categories":[1],"tags":[],"class_list":["post-15515","post","type-post","status-publish","format-standard","has-post-thumbnail","hentry","category-cronica"],"_links":{"self":[{"href":"https:\/\/www.radiopresidenteibanez.cl\/web\/wp-json\/wp\/v2\/posts\/15515","targetHints":{"allow":["GET"]}}],"collection":[{"href":"https:\/\/www.radiopresidenteibanez.cl\/web\/wp-json\/wp\/v2\/posts"}],"about":[{"href":"https:\/\/www.radiopresidenteibanez.cl\/web\/wp-json\/wp\/v2\/types\/post"}],"author":[{"embeddable":true,"href":"https:\/\/www.radiopresidenteibanez.cl\/web\/wp-json\/wp\/v2\/users\/2"}],"replies":[{"embeddable":true,"href":"https:\/\/www.radiopresidenteibanez.cl\/web\/wp-json\/wp\/v2\/comments?post=15515"}],"version-history":[{"count":0,"href":"https:\/\/www.radiopresidenteibanez.cl\/web\/wp-json\/wp\/v2\/posts\/15515\/revisions"}],"wp:featuredmedia":[{"embeddable":true,"href":"https:\/\/www.radiopresidenteibanez.cl\/web\/wp-json\/wp\/v2\/media\/15516"}],"wp:attachment":[{"href":"https:\/\/www.radiopresidenteibanez.cl\/web\/wp-json\/wp\/v2\/media?parent=15515"}],"wp:term":[{"taxonomy":"category","embeddable":true,"href":"https:\/\/www.radiopresidenteibanez.cl\/web\/wp-json\/wp\/v2\/categories?post=15515"},{"taxonomy":"post_tag","embeddable":true,"href":"https:\/\/www.radiopresidenteibanez.cl\/web\/wp-json\/wp\/v2\/tags?post=15515"}],"curies":[{"name":"wp","href":"https:\/\/api.w.org\/{rel}","templated":true}]}}