{"id":15509,"date":"2020-10-29T15:04:39","date_gmt":"2020-10-29T15:04:39","guid":{"rendered":"https:\/\/www.radiopresidenteibanez.cl\/web\/?p=15509"},"modified":"2020-10-29T15:04:55","modified_gmt":"2020-10-29T15:04:55","slug":"este-viernes-se-realizara-seminario-sobre-buenas-practicas-de-las-empresas-frente-al-covid-19","status":"publish","type":"post","link":"https:\/\/www.radiopresidenteibanez.cl\/web\/este-viernes-se-realizara-seminario-sobre-buenas-practicas-de-las-empresas-frente-al-covid-19\/","title":{"rendered":"ESTE VIERNES SE REALIZAR\u00c1 SEMINARIO SOBRE BUENAS PR\u00c1CTICAS DE LAS EMPRESAS FRENTE AL COVID-19"},"content":{"rendered":"\n<p>Con el fin de compartir las distintas acciones preventivas que las organizaciones han realizado en el contexto de la emergencia sanitaria, la Seremi de Econom\u00eda, Fomento y Turismo de la regi\u00f3n de Magallanes, la C\u00e1mara Chilena de la Construcci\u00f3n Punta Arenas y la Mutual de Seguridad CChC, organizaron el Seminario&nbsp;<strong>\u201cBuenas Pr\u00e1cticas de Sectores Productivos frente al COVID-19\u201d<\/strong>, evento que se realizar\u00e1 este viernes 30 de octubre a las 10:00 hrs. v\u00eda Zoom.<\/p>\n\n\n\n<p>Cada una de las charlas presentar\u00e1n buenas pr\u00e1cticas desarrolladas por distintos sectores productivos presentes en Magallanes y que son de f\u00e1cil aplicaci\u00f3n para empresas de peque\u00f1o, mediano y gran tama\u00f1o.<\/p>\n\n\n\n<p>\u201cDesde el Ministerio de Econom\u00eda queremos propiciar instancias como estas, que permitan difundir las buenas pr\u00e1cticas que las empresas que han podido continuar operando en tiempos de pandemia han logrado implementar, y que muchas empresas locales que hoy se est\u00e1n preparando para una pr\u00f3xima reapertura, puedan aprovechar estos aprendizajes y ser prontamente parte de la reactivaci\u00f3n de nuestra econom\u00eda regional. Agradezco especialmente a la CChC por esta importante iniciativa, la que sin duda va en la l\u00ednea de trabajar en forma conjunta, el sector p\u00fablico y el privado, por recuperarnos de esta crisis y avanzar por la reactivaci\u00f3n de Magallanes\u201d, se\u00f1al\u00f3 Natalia Easton, seremi de Econom\u00eda, Fomento y Turismo.<\/p>\n\n\n\n<p>La intendenta de Magallanes, Jenniffer Rojas, dar\u00e1 inicio al seminario a las 10:00 hrs. Luego, Carlos Jorquera,&nbsp;m\u00e9dico director de la Mutual de Seguridad CChC en Temuco expondr\u00e1 sobre \u201cCOVID-19 en el entorno de las empresas\u201d. Posteriormente,&nbsp;Paulina Concha,&nbsp;Gerente Socios y Desarrollo Sostenible de la&nbsp;C\u00e1mara Chilena de la Construcci\u00f3n, dictar\u00e1 la charla \u201cTransformando la industria: modelo de gesti\u00f3n sanitaria\u201d.<\/p>\n\n\n\n<p>\u201cComo C\u00e1mara hemos desarrollado un modelo de gesti\u00f3n sanitaria que se ha aplicado con \u00e9xito en Magallanes, por lo que esperamos que otros gremios en la regi\u00f3n, otras organizaciones, puedan aplicarlo en su d\u00eda a d\u00eda, haciendo as\u00ed seguros sus espacios laborales. Con ello, es posible reactivar de manera segura la econom\u00eda regional\u201d, indic\u00f3 Carlos Braun, presidente de la CChC Punta Arenas.<\/p>\n\n\n\n<p>Para confirmar su asistencia y\/o solicitar link de acceso, por favor comunicarse con Marjorie Collier al correo electr\u00f3nico&nbsp;<a href=\"mailto:parenas@cchc.cl\" target=\"_blank\" rel=\"noreferrer noopener\">puntaarenas@cchc.cl<\/a>&nbsp;o al tel\u00e9fono&nbsp;(2) 2588 7490.<\/p>\n","protected":false},"excerpt":{"rendered":"<p>Con el fin de compartir las distintas acciones preventivas que las organizaciones han realizado en el contexto de la emergencia sanitaria, la Seremi de Econom\u00eda, Fomento y Turismo de la&#8230; <a class=\"read-more\" href=\"https:\/\/www.radiopresidenteibanez.cl\/web\/este-viernes-se-realizara-seminario-sobre-buenas-practicas-de-las-empresas-frente-al-covid-19\/\">Leer m\u00e1s<\/a><\/p>\n","protected":false},"author":2,"featured_media":15510,"comment_status":"closed","ping_status":"closed","sticky":false,"template":"","format":"standard","meta":{"footnotes":""},"categories":[1],"tags":[],"class_list":["post-15509","post","type-post","status-publish","format-standard","has-post-thumbnail","hentry","category-cronica"],"_links":{"self":[{"href":"https:\/\/www.radiopresidenteibanez.cl\/web\/wp-json\/wp\/v2\/posts\/15509","targetHints":{"allow":["GET"]}}],"collection":[{"href":"https:\/\/www.radiopresidenteibanez.cl\/web\/wp-json\/wp\/v2\/posts"}],"about":[{"href":"https:\/\/www.radiopresidenteibanez.cl\/web\/wp-json\/wp\/v2\/types\/post"}],"author":[{"embeddable":true,"href":"https:\/\/www.radiopresidenteibanez.cl\/web\/wp-json\/wp\/v2\/users\/2"}],"replies":[{"embeddable":true,"href":"https:\/\/www.radiopresidenteibanez.cl\/web\/wp-json\/wp\/v2\/comments?post=15509"}],"version-history":[{"count":0,"href":"https:\/\/www.radiopresidenteibanez.cl\/web\/wp-json\/wp\/v2\/posts\/15509\/revisions"}],"wp:featuredmedia":[{"embeddable":true,"href":"https:\/\/www.radiopresidenteibanez.cl\/web\/wp-json\/wp\/v2\/media\/15510"}],"wp:attachment":[{"href":"https:\/\/www.radiopresidenteibanez.cl\/web\/wp-json\/wp\/v2\/media?parent=15509"}],"wp:term":[{"taxonomy":"category","embeddable":true,"href":"https:\/\/www.radiopresidenteibanez.cl\/web\/wp-json\/wp\/v2\/categories?post=15509"},{"taxonomy":"post_tag","embeddable":true,"href":"https:\/\/www.radiopresidenteibanez.cl\/web\/wp-json\/wp\/v2\/tags?post=15509"}],"curies":[{"name":"wp","href":"https:\/\/api.w.org\/{rel}","templated":true}]}}