{"id":15503,"date":"2020-10-28T15:57:08","date_gmt":"2020-10-28T15:57:08","guid":{"rendered":"https:\/\/www.radiopresidenteibanez.cl\/web\/?p=15503"},"modified":"2020-10-28T15:57:13","modified_gmt":"2020-10-28T15:57:13","slug":"diputado-bianchi-exige-abrir-los-cementerios-de-la-region-el-dia-de-todos-los-santos","status":"publish","type":"post","link":"https:\/\/www.radiopresidenteibanez.cl\/web\/diputado-bianchi-exige-abrir-los-cementerios-de-la-region-el-dia-de-todos-los-santos\/","title":{"rendered":"DIPUTADO BIANCHI EXIGE ABRIR LOS CEMENTERIOS DE LA REGI\u00d3N EL D\u00cdA DE TODOS LOS SANTOS"},"content":{"rendered":"\n<p>El diputado independiente\nofici\u00f3 al ministro de Salud, Enrique Paris, para solicitarle la apertura de los\ncementerios de la Regi\u00f3n de Magallanes el 1 de noviembre, d\u00eda de todos los\nsantos.<\/p>\n\n\n\n<p>El documento destaca la gran importancia que tiene para los\nhabitantes de la regi\u00f3n esta fecha e indica \u201cque para su conmemoraci\u00f3n contamos\ncon uno de los cementerios m\u00e1s bellos del pa\u00eds en t\u00e9rminos patrimoniales y\ntodos con el espacio suficiente para recibir a los familiares y amigos de\nquienes all\u00ed se encuentran\u201d.<\/p>\n\n\n\n<p>El parlamentario afirma que los cementerios de Magallanes\ncuentan con un dise\u00f1o urban\u00edstico que permite recibir a las visitas con el\ndistanciamiento social requerido, \u201clo que asegura una conmemoraci\u00f3n responsable\ndel d\u00eda de todos los santos\u201d.<\/p>\n","protected":false},"excerpt":{"rendered":"<p>El diputado independiente ofici\u00f3 al ministro de Salud, Enrique Paris, para solicitarle la apertura de los cementerios de la Regi\u00f3n de Magallanes el 1 de noviembre, d\u00eda de todos los&#8230; <a class=\"read-more\" href=\"https:\/\/www.radiopresidenteibanez.cl\/web\/diputado-bianchi-exige-abrir-los-cementerios-de-la-region-el-dia-de-todos-los-santos\/\">Leer m\u00e1s<\/a><\/p>\n","protected":false},"author":2,"featured_media":5567,"comment_status":"closed","ping_status":"closed","sticky":false,"template":"","format":"standard","meta":{"footnotes":""},"categories":[1],"tags":[],"class_list":["post-15503","post","type-post","status-publish","format-standard","has-post-thumbnail","hentry","category-cronica"],"_links":{"self":[{"href":"https:\/\/www.radiopresidenteibanez.cl\/web\/wp-json\/wp\/v2\/posts\/15503","targetHints":{"allow":["GET"]}}],"collection":[{"href":"https:\/\/www.radiopresidenteibanez.cl\/web\/wp-json\/wp\/v2\/posts"}],"about":[{"href":"https:\/\/www.radiopresidenteibanez.cl\/web\/wp-json\/wp\/v2\/types\/post"}],"author":[{"embeddable":true,"href":"https:\/\/www.radiopresidenteibanez.cl\/web\/wp-json\/wp\/v2\/users\/2"}],"replies":[{"embeddable":true,"href":"https:\/\/www.radiopresidenteibanez.cl\/web\/wp-json\/wp\/v2\/comments?post=15503"}],"version-history":[{"count":0,"href":"https:\/\/www.radiopresidenteibanez.cl\/web\/wp-json\/wp\/v2\/posts\/15503\/revisions"}],"wp:featuredmedia":[{"embeddable":true,"href":"https:\/\/www.radiopresidenteibanez.cl\/web\/wp-json\/wp\/v2\/media\/5567"}],"wp:attachment":[{"href":"https:\/\/www.radiopresidenteibanez.cl\/web\/wp-json\/wp\/v2\/media?parent=15503"}],"wp:term":[{"taxonomy":"category","embeddable":true,"href":"https:\/\/www.radiopresidenteibanez.cl\/web\/wp-json\/wp\/v2\/categories?post=15503"},{"taxonomy":"post_tag","embeddable":true,"href":"https:\/\/www.radiopresidenteibanez.cl\/web\/wp-json\/wp\/v2\/tags?post=15503"}],"curies":[{"name":"wp","href":"https:\/\/api.w.org\/{rel}","templated":true}]}}