{"id":1550,"date":"2019-02-24T19:35:27","date_gmt":"2019-02-24T19:35:27","guid":{"rendered":"http:\/\/www.radiopresidenteibanez.cl\/web\/?p=1550"},"modified":"2019-02-24T19:36:05","modified_gmt":"2019-02-24T19:36:05","slug":"lamentable-este-domingo-el-tren-loreto-realizara-su-ultimo-recorrido-por-nuestra-ciudad","status":"publish","type":"post","link":"https:\/\/www.radiopresidenteibanez.cl\/web\/lamentable-este-domingo-el-tren-loreto-realizara-su-ultimo-recorrido-por-nuestra-ciudad\/","title":{"rendered":"\u00a1LAMENTABLE! ESTE DOMINGO EL TREN \u201cLORETO\u201d REALIZAR\u00c1 SU \u00daLTIMO RECORRIDO POR NUESTRA CIUDAD"},"content":{"rendered":"\n<p>Cerca de las 18:00 horas de este\ndomingo, se realizar\u00e1 el \u00faltimo viaje del \u201cTren Patag\u00f3nico Loreto\u201d, que durante\nun a\u00f1o deleit\u00f3 a m\u00e1s de ocho mil personas que pasearon por lugares emblem\u00e1ticos\nde nuestra ciudad, la situaci\u00f3n de realizar el \u00faltimo paseo es que autoridades no\nle habr\u00edan permitido realizar dicha actividad por no contar con la documentaci\u00f3n\ncorrespondiente.<\/p>\n\n\n\n<p>Los propietarios hab\u00edan trabajado\ncerca de seis a\u00f1os para lograr uno de sus grandes anhelos, y que con un\nproyecto de Corfo lo pudieron lograr.<\/p>\n\n\n\n<p>Esperemos que las autoridades puedan reflexionar sobre este tren, que ya se estaba convirtiendo en un icono relevante de Punta Arenas.<\/p>\n\n\n\n<p>imagen de facebook.<\/p>\n","protected":false},"excerpt":{"rendered":"<p>Cerca de las 18:00 horas de este domingo, se realizar\u00e1 el \u00faltimo viaje del \u201cTren Patag\u00f3nico Loreto\u201d, que durante un a\u00f1o deleit\u00f3 a m\u00e1s de ocho mil personas que pasearon&#8230; <a class=\"read-more\" href=\"https:\/\/www.radiopresidenteibanez.cl\/web\/lamentable-este-domingo-el-tren-loreto-realizara-su-ultimo-recorrido-por-nuestra-ciudad\/\">Leer m\u00e1s<\/a><\/p>\n","protected":false},"author":2,"featured_media":1551,"comment_status":"closed","ping_status":"closed","sticky":false,"template":"","format":"standard","meta":{"footnotes":""},"categories":[1],"tags":[],"class_list":["post-1550","post","type-post","status-publish","format-standard","has-post-thumbnail","hentry","category-cronica"],"_links":{"self":[{"href":"https:\/\/www.radiopresidenteibanez.cl\/web\/wp-json\/wp\/v2\/posts\/1550","targetHints":{"allow":["GET"]}}],"collection":[{"href":"https:\/\/www.radiopresidenteibanez.cl\/web\/wp-json\/wp\/v2\/posts"}],"about":[{"href":"https:\/\/www.radiopresidenteibanez.cl\/web\/wp-json\/wp\/v2\/types\/post"}],"author":[{"embeddable":true,"href":"https:\/\/www.radiopresidenteibanez.cl\/web\/wp-json\/wp\/v2\/users\/2"}],"replies":[{"embeddable":true,"href":"https:\/\/www.radiopresidenteibanez.cl\/web\/wp-json\/wp\/v2\/comments?post=1550"}],"version-history":[{"count":0,"href":"https:\/\/www.radiopresidenteibanez.cl\/web\/wp-json\/wp\/v2\/posts\/1550\/revisions"}],"wp:featuredmedia":[{"embeddable":true,"href":"https:\/\/www.radiopresidenteibanez.cl\/web\/wp-json\/wp\/v2\/media\/1551"}],"wp:attachment":[{"href":"https:\/\/www.radiopresidenteibanez.cl\/web\/wp-json\/wp\/v2\/media?parent=1550"}],"wp:term":[{"taxonomy":"category","embeddable":true,"href":"https:\/\/www.radiopresidenteibanez.cl\/web\/wp-json\/wp\/v2\/categories?post=1550"},{"taxonomy":"post_tag","embeddable":true,"href":"https:\/\/www.radiopresidenteibanez.cl\/web\/wp-json\/wp\/v2\/tags?post=1550"}],"curies":[{"name":"wp","href":"https:\/\/api.w.org\/{rel}","templated":true}]}}