{"id":15499,"date":"2020-10-28T12:24:27","date_gmt":"2020-10-28T12:24:27","guid":{"rendered":"https:\/\/www.radiopresidenteibanez.cl\/web\/?p=15499"},"modified":"2020-10-28T12:24:32","modified_gmt":"2020-10-28T12:24:32","slug":"pc-magallanes-fallecimiento-de-la-companera-tamara-avendano","status":"publish","type":"post","link":"https:\/\/www.radiopresidenteibanez.cl\/web\/pc-magallanes-fallecimiento-de-la-companera-tamara-avendano\/","title":{"rendered":"PC MAGALLANES: FALLECIMIENTO DE LA COMPA\u00d1ERA TAMARA AVENDA\u00d1O"},"content":{"rendered":"\n<p>El\nPartido Comunista de Magallanes, con profundo pesar, informa el lamentable\nfallecimiento de nuestra compa\u00f1era, ex dirigente, y destacada militante, Tamara\nValentina Avenda\u00f1o Vidal.<\/p>\n\n\n\n<p>Su\ndeceso se produjo el d\u00eda de hoy, rodeada de su familia, debido a un cuadro\noncol\u00f3gico que la aquejaba hace varios a\u00f1os. Sus funerales se efectuaron esta\ntarde, en el Cementerio Municipal de Punta Arenas hasta donde llegaron\nnumerosos militantes comunistas y amistades, para acompa\u00f1ar a la familia y\ndespedir a la compa\u00f1era de tantas luchas en la conquista de mejores condiciones\npara el pueblo.&nbsp;&nbsp;&nbsp;&nbsp;&nbsp;&nbsp; <\/p>\n\n\n\n<p>Tamara\ningres\u00f3 tempranamente a militar en las Juventudes Comunistas. En la d\u00e9cada de\nlos &#8217;80 desarroll\u00f3 una activa militancia siendo estudiante en la ciudad de\nValdivia, ciudad donde sufri\u00f3 todo el rigor de la represi\u00f3n, permaneciendo\nsecuestrada durante varios d\u00edas por los organismos de inteligencia de la\ndictadura c\u00edvico militar.<\/p>\n\n\n\n<p>Posteriormente,\nde regreso en Punta Arenas, cumple tareas como encargada de Organizaci\u00f3n en la\nJota y estudia pedagog\u00eda en la UMAG. En el a\u00f1o 1990 es promovida al Partido. Al\ntitularse como profesora, se desempe\u00f1\u00f3 en varios establecimientos de la zona. <\/p>\n\n\n\n<p>El\na\u00f1o 2004 es elegida Secretaria Regional del Partido, principal cargo de dirigencia.\nComo tal, al a\u00f1o siguiente recibe el edificio recuperado de manos de la Armada\nde Chile, hoy sede partidaria en Punta Arenas, \u00aba 32 a\u00f1os de haber sido\nusurpado\u00bb tras el golpe c\u00edvico militar, seg\u00fan enfatiz\u00f3 Tamara en su\noportunidad ante autoridades de gobierno y navales, durante el acto oficial de\nentrega.<\/p>\n\n\n\n<p>Su\nentrega y compromiso con las luchas populares, su capacidad organizativa,\nliderazgo, y alegre cercan\u00eda con la gente, la llevaron a convertirse en candidata\na alcaldesa y a concejala por el Partido Comunista en sucesivas ocasiones.<\/p>\n\n\n\n<p>Vaya\nnuestro homenaje a la compa\u00f1era Tamara Avenda\u00f1o, cuya existencia estuvo marcada\npor la generosa entrega y compromiso con el movimiento popular y su Partido.<\/p>\n\n\n\n<p>Expresamos\nnuestras sentidas condolencias a su familia ante esta irreparable p\u00e9rdida, en\nespecial a sus hijas y madre.<\/p>\n\n\n\n<p><strong>Compa\u00f1era\nTamara Avenda\u00f1o, \u00a1Presente!<\/strong><\/p>\n\n\n\n<p><strong>\u00a1Honor\ny gloria a los que luchan!<\/strong><\/p>\n\n\n\n<p><strong>Vivir\u00e1s\npor siempre en la memoria tus compa\u00f1eras y compa\u00f1eros<\/strong><\/p>\n","protected":false},"excerpt":{"rendered":"<p>El Partido Comunista de Magallanes, con profundo pesar, informa el lamentable fallecimiento de nuestra compa\u00f1era, ex dirigente, y destacada militante, Tamara Valentina Avenda\u00f1o Vidal. Su deceso se produjo el d\u00eda&#8230; <a class=\"read-more\" href=\"https:\/\/www.radiopresidenteibanez.cl\/web\/pc-magallanes-fallecimiento-de-la-companera-tamara-avendano\/\">Leer m\u00e1s<\/a><\/p>\n","protected":false},"author":2,"featured_media":15500,"comment_status":"closed","ping_status":"closed","sticky":false,"template":"","format":"standard","meta":{"footnotes":""},"categories":[1],"tags":[],"class_list":["post-15499","post","type-post","status-publish","format-standard","has-post-thumbnail","hentry","category-cronica"],"_links":{"self":[{"href":"https:\/\/www.radiopresidenteibanez.cl\/web\/wp-json\/wp\/v2\/posts\/15499","targetHints":{"allow":["GET"]}}],"collection":[{"href":"https:\/\/www.radiopresidenteibanez.cl\/web\/wp-json\/wp\/v2\/posts"}],"about":[{"href":"https:\/\/www.radiopresidenteibanez.cl\/web\/wp-json\/wp\/v2\/types\/post"}],"author":[{"embeddable":true,"href":"https:\/\/www.radiopresidenteibanez.cl\/web\/wp-json\/wp\/v2\/users\/2"}],"replies":[{"embeddable":true,"href":"https:\/\/www.radiopresidenteibanez.cl\/web\/wp-json\/wp\/v2\/comments?post=15499"}],"version-history":[{"count":0,"href":"https:\/\/www.radiopresidenteibanez.cl\/web\/wp-json\/wp\/v2\/posts\/15499\/revisions"}],"wp:featuredmedia":[{"embeddable":true,"href":"https:\/\/www.radiopresidenteibanez.cl\/web\/wp-json\/wp\/v2\/media\/15500"}],"wp:attachment":[{"href":"https:\/\/www.radiopresidenteibanez.cl\/web\/wp-json\/wp\/v2\/media?parent=15499"}],"wp:term":[{"taxonomy":"category","embeddable":true,"href":"https:\/\/www.radiopresidenteibanez.cl\/web\/wp-json\/wp\/v2\/categories?post=15499"},{"taxonomy":"post_tag","embeddable":true,"href":"https:\/\/www.radiopresidenteibanez.cl\/web\/wp-json\/wp\/v2\/tags?post=15499"}],"curies":[{"name":"wp","href":"https:\/\/api.w.org\/{rel}","templated":true}]}}