{"id":15497,"date":"2020-10-28T12:18:59","date_gmt":"2020-10-28T12:18:59","guid":{"rendered":"https:\/\/www.radiopresidenteibanez.cl\/web\/?p=15497"},"modified":"2020-10-28T12:19:04","modified_gmt":"2020-10-28T12:19:04","slug":"colombianos-condenados-a-6-anos-de-presidio-efectivo-por-violacion","status":"publish","type":"post","link":"https:\/\/www.radiopresidenteibanez.cl\/web\/colombianos-condenados-a-6-anos-de-presidio-efectivo-por-violacion\/","title":{"rendered":"COLOMBIANOS CONDENADOS A 6 A\u00d1OS DE PRESIDIO EFECTIVO POR VIOLACI\u00d3N"},"content":{"rendered":"\n<p>Jhon Daniel Perea Garcia y Jhan Dyckson Gonz\u00e1lez\nMart\u00ednezfueron condenados, a 6 a\u00f1os\nde presidio efectivo y penas accesoriasen\ncalidad de autores del delito consumado de violaci\u00f3n. <\/p>\n\n\n\n<p>Durante el juicio, el Fiscal\nJefe de Punta Arenas y especialista en la investigaci\u00f3n de delitos sexuales,\nFernando Dobson, prob\u00f3 que el hecho se perpetr\u00f3 el 10 de agosto del a\u00f1o pasado, cerca de las 15:00\nhoras, al interior del domicilio ubicado en Punta Arenas, cuando la v\u00edctima fue\nagredida por los acusados, quienes la inmovilizaron y se aprovecharon su\nprivaci\u00f3n de sentido e incapacidad para oponerse.<\/p>\n","protected":false},"excerpt":{"rendered":"<p>Jhon Daniel Perea Garcia y Jhan Dyckson Gonz\u00e1lez Mart\u00ednezfueron condenados, a 6 a\u00f1os de presidio efectivo y penas accesoriasen calidad de autores del delito consumado de violaci\u00f3n. Durante el juicio,&#8230; <a class=\"read-more\" href=\"https:\/\/www.radiopresidenteibanez.cl\/web\/colombianos-condenados-a-6-anos-de-presidio-efectivo-por-violacion\/\">Leer m\u00e1s<\/a><\/p>\n","protected":false},"author":2,"featured_media":740,"comment_status":"closed","ping_status":"closed","sticky":false,"template":"","format":"standard","meta":{"footnotes":""},"categories":[1],"tags":[],"class_list":["post-15497","post","type-post","status-publish","format-standard","has-post-thumbnail","hentry","category-cronica"],"_links":{"self":[{"href":"https:\/\/www.radiopresidenteibanez.cl\/web\/wp-json\/wp\/v2\/posts\/15497","targetHints":{"allow":["GET"]}}],"collection":[{"href":"https:\/\/www.radiopresidenteibanez.cl\/web\/wp-json\/wp\/v2\/posts"}],"about":[{"href":"https:\/\/www.radiopresidenteibanez.cl\/web\/wp-json\/wp\/v2\/types\/post"}],"author":[{"embeddable":true,"href":"https:\/\/www.radiopresidenteibanez.cl\/web\/wp-json\/wp\/v2\/users\/2"}],"replies":[{"embeddable":true,"href":"https:\/\/www.radiopresidenteibanez.cl\/web\/wp-json\/wp\/v2\/comments?post=15497"}],"version-history":[{"count":0,"href":"https:\/\/www.radiopresidenteibanez.cl\/web\/wp-json\/wp\/v2\/posts\/15497\/revisions"}],"wp:featuredmedia":[{"embeddable":true,"href":"https:\/\/www.radiopresidenteibanez.cl\/web\/wp-json\/wp\/v2\/media\/740"}],"wp:attachment":[{"href":"https:\/\/www.radiopresidenteibanez.cl\/web\/wp-json\/wp\/v2\/media?parent=15497"}],"wp:term":[{"taxonomy":"category","embeddable":true,"href":"https:\/\/www.radiopresidenteibanez.cl\/web\/wp-json\/wp\/v2\/categories?post=15497"},{"taxonomy":"post_tag","embeddable":true,"href":"https:\/\/www.radiopresidenteibanez.cl\/web\/wp-json\/wp\/v2\/tags?post=15497"}],"curies":[{"name":"wp","href":"https:\/\/api.w.org\/{rel}","templated":true}]}}