{"id":15494,"date":"2020-10-28T12:17:33","date_gmt":"2020-10-28T12:17:33","guid":{"rendered":"https:\/\/www.radiopresidenteibanez.cl\/web\/?p=15494"},"modified":"2020-10-28T12:17:38","modified_gmt":"2020-10-28T12:17:38","slug":"185-vecinos-se-realizaron-pcr-gratuito-y-preventivo-en-operativo-conjunto-entre-municipio-y-seremi-de-salud","status":"publish","type":"post","link":"https:\/\/www.radiopresidenteibanez.cl\/web\/185-vecinos-se-realizaron-pcr-gratuito-y-preventivo-en-operativo-conjunto-entre-municipio-y-seremi-de-salud\/","title":{"rendered":"185 VECINOS SE REALIZARON PCR GRATUITO Y PREVENTIVO EN OPERATIVO CONJUNTO ENTRE MUNICIPIO Y SEREMI DE SALUD"},"content":{"rendered":"\n<p>La Cl\u00ednica M\u00f3vil Municipal, sigue recorriendo los Barrios de Punta Arenas, con el fin de concretar el trabajo de B\u00fasqueda Activa de Casos Covid-19 positivos, y as\u00ed poder aislar a las personas evitando la propagaci\u00f3n del virus en la comuna.<\/p>\n\n\n\n<p>Es as\u00ed como el equipo de Testeo, Trazabilidad y Aislamiento Municipal, lleg\u00f3 hasta la explanada ubicada a un costado de Ferreter\u00eda El \u00c1guila en avenida Frei, junto a la nueva unidad m\u00f3vil de la secretar\u00eda regional de Salud, con el fin de concretar un nuevo operativo sanitario para los vecinos del sector, los que se mostraron agradecidos de la oportunidad y el trabajo que se est\u00e1 desarrollando.<\/p>\n\n\n\n<p>El alcalde Claudio Radonich, explic\u00f3 que es importante y necesario seguir potenciando la B\u00fasqueda Activa en los distintos sectores de Punta Arenas, por lo que \u201cqueremos hacer m\u00e1s ex\u00e1menes PCR en los barrios, para que muchos vecinos tengan la oportunidad de ir a un lugar cercano a sus casas, con el fin de dar garant\u00edas de seguridad para ellos, sus familias y el entorno\u201d.<\/p>\n\n\n\n<p>\u201cDesde esta semana, lo que estamos haciendo es ir a los Barrios, ahora en conjunto con la Seremi, para ir multiplicando y poder cubrir toda la ciudad. Tenemos a nuestros equipos municipales hace dos meses trabajando en esto, con buenos resultados, ya que la idea es que las personas no se muevan de sus barrios\u201d, agreg\u00f3 Radonich.<\/p>\n\n\n\n<p>Mat\u00edas, uno de los asistentes al operativo, agradeci\u00f3 la instancia y detall\u00f3 que \u201cyo creo que es una buena oportunidad, ya que es para todas las personas y porque es gratis\u201d. En cuanto al testeo propiamente tal, agreg\u00f3 que \u201ces algo molestoso, pero no doloroso\u201d.<\/p>\n\n\n\n<p>De igual forma, Gloria Gallardo vecina del sector, a\u00f1adi\u00f3 que \u201cuno no tiene la posibilidad de ir a un laboratorio, y esperamos que los resultados de las muestras lleguen pronto\u201d. En lo que refiere a los cuidados que toma, dijo que \u201ces importante el lavado de manos; desinfecci\u00f3n antes de entrar a las casas; cambiarse los zapatos en la puerta; ventilar las casas, etc\u00e9tera\u201d.<\/p>\n\n\n\n<p>Finalmente, el jefe comunal reiter\u00f3 que \u201cestas muestras van a la secretar\u00eda de salud, quienes derivan a los laboratorios que procesan las muestras, para informar a trav\u00e9s del equipo de trazabilidad, cuyos tiempos han ido mejorando notablemente, con el cambio de estrategia\u201d.<\/p>\n","protected":false},"excerpt":{"rendered":"<p>La Cl\u00ednica M\u00f3vil Municipal, sigue recorriendo los Barrios de Punta Arenas, con el fin de concretar el trabajo de B\u00fasqueda Activa de Casos Covid-19 positivos, y as\u00ed poder aislar a&#8230; <a class=\"read-more\" href=\"https:\/\/www.radiopresidenteibanez.cl\/web\/185-vecinos-se-realizaron-pcr-gratuito-y-preventivo-en-operativo-conjunto-entre-municipio-y-seremi-de-salud\/\">Leer m\u00e1s<\/a><\/p>\n","protected":false},"author":2,"featured_media":15495,"comment_status":"closed","ping_status":"closed","sticky":false,"template":"","format":"standard","meta":{"footnotes":""},"categories":[1],"tags":[],"class_list":["post-15494","post","type-post","status-publish","format-standard","has-post-thumbnail","hentry","category-cronica"],"_links":{"self":[{"href":"https:\/\/www.radiopresidenteibanez.cl\/web\/wp-json\/wp\/v2\/posts\/15494","targetHints":{"allow":["GET"]}}],"collection":[{"href":"https:\/\/www.radiopresidenteibanez.cl\/web\/wp-json\/wp\/v2\/posts"}],"about":[{"href":"https:\/\/www.radiopresidenteibanez.cl\/web\/wp-json\/wp\/v2\/types\/post"}],"author":[{"embeddable":true,"href":"https:\/\/www.radiopresidenteibanez.cl\/web\/wp-json\/wp\/v2\/users\/2"}],"replies":[{"embeddable":true,"href":"https:\/\/www.radiopresidenteibanez.cl\/web\/wp-json\/wp\/v2\/comments?post=15494"}],"version-history":[{"count":0,"href":"https:\/\/www.radiopresidenteibanez.cl\/web\/wp-json\/wp\/v2\/posts\/15494\/revisions"}],"wp:featuredmedia":[{"embeddable":true,"href":"https:\/\/www.radiopresidenteibanez.cl\/web\/wp-json\/wp\/v2\/media\/15495"}],"wp:attachment":[{"href":"https:\/\/www.radiopresidenteibanez.cl\/web\/wp-json\/wp\/v2\/media?parent=15494"}],"wp:term":[{"taxonomy":"category","embeddable":true,"href":"https:\/\/www.radiopresidenteibanez.cl\/web\/wp-json\/wp\/v2\/categories?post=15494"},{"taxonomy":"post_tag","embeddable":true,"href":"https:\/\/www.radiopresidenteibanez.cl\/web\/wp-json\/wp\/v2\/tags?post=15494"}],"curies":[{"name":"wp","href":"https:\/\/api.w.org\/{rel}","templated":true}]}}