{"id":15492,"date":"2020-10-28T12:15:54","date_gmt":"2020-10-28T12:15:54","guid":{"rendered":"https:\/\/www.radiopresidenteibanez.cl\/web\/?p=15492"},"modified":"2020-10-28T12:15:58","modified_gmt":"2020-10-28T12:15:58","slug":"a-5-anos-y-un-dia-de-carcel-fue-condena-mujer-por-trafico-de-drogas","status":"publish","type":"post","link":"https:\/\/www.radiopresidenteibanez.cl\/web\/a-5-anos-y-un-dia-de-carcel-fue-condena-mujer-por-trafico-de-drogas\/","title":{"rendered":"A 5 A\u00d1OS Y UN D\u00cdA DE C\u00c1RCEL FUE CONDENA MUJER POR TR\u00c1FICO DE DROGAS"},"content":{"rendered":"\n<p>A 5 a\u00f1os y un\nd\u00eda de presidio efectivo y penas accesorias fue condenada<strong>,<\/strong><strong> <\/strong>Alissa Ninoska Denise N\u00fa\u00f1ez Salazar por el delito detr\u00e1fico il\u00edcito de drogas.\n\nCabe recordar que durante el\njuicio oral, la Fiscal\u00eda acredit\u00f3 que el delito qued\u00f3 al descubierto el\nocho de Mayo, alrededor de las 14:00 horas, cuando personal del Servicio\nNacional de Aduanas, constituidos en el aeropuerto Internacional Carlos Ib\u00e1\u00f1ez\ndel Campo con la asistencia de perros detectores de drogas, reconocieron mucho\nnerviosismo en una pasajera la que luego fue marcada por uno de los canes\ndetectores, manifestando voluntariamente que manten\u00eda drogas en su poder, encontr\u00e1ndole\ndoce paquetes de distintas formas y tama\u00f1os, compactos, envueltos en papel\nalusa, los que transportaba adosados a su cuerpo y &nbsp;en su bolso de mano y que conten\u00edan coca\u00edna y\nmarihuana.\n\n\n\n<\/p>\n","protected":false},"excerpt":{"rendered":"<p>A 5 a\u00f1os y un d\u00eda de presidio efectivo y penas accesorias fue condenada, Alissa Ninoska Denise N\u00fa\u00f1ez Salazar por el delito detr\u00e1fico il\u00edcito de drogas. Cabe recordar que durante&#8230; <a class=\"read-more\" href=\"https:\/\/www.radiopresidenteibanez.cl\/web\/a-5-anos-y-un-dia-de-carcel-fue-condena-mujer-por-trafico-de-drogas\/\">Leer m\u00e1s<\/a><\/p>\n","protected":false},"author":2,"featured_media":740,"comment_status":"closed","ping_status":"closed","sticky":false,"template":"","format":"standard","meta":{"footnotes":""},"categories":[1],"tags":[],"class_list":["post-15492","post","type-post","status-publish","format-standard","has-post-thumbnail","hentry","category-cronica"],"_links":{"self":[{"href":"https:\/\/www.radiopresidenteibanez.cl\/web\/wp-json\/wp\/v2\/posts\/15492","targetHints":{"allow":["GET"]}}],"collection":[{"href":"https:\/\/www.radiopresidenteibanez.cl\/web\/wp-json\/wp\/v2\/posts"}],"about":[{"href":"https:\/\/www.radiopresidenteibanez.cl\/web\/wp-json\/wp\/v2\/types\/post"}],"author":[{"embeddable":true,"href":"https:\/\/www.radiopresidenteibanez.cl\/web\/wp-json\/wp\/v2\/users\/2"}],"replies":[{"embeddable":true,"href":"https:\/\/www.radiopresidenteibanez.cl\/web\/wp-json\/wp\/v2\/comments?post=15492"}],"version-history":[{"count":0,"href":"https:\/\/www.radiopresidenteibanez.cl\/web\/wp-json\/wp\/v2\/posts\/15492\/revisions"}],"wp:featuredmedia":[{"embeddable":true,"href":"https:\/\/www.radiopresidenteibanez.cl\/web\/wp-json\/wp\/v2\/media\/740"}],"wp:attachment":[{"href":"https:\/\/www.radiopresidenteibanez.cl\/web\/wp-json\/wp\/v2\/media?parent=15492"}],"wp:term":[{"taxonomy":"category","embeddable":true,"href":"https:\/\/www.radiopresidenteibanez.cl\/web\/wp-json\/wp\/v2\/categories?post=15492"},{"taxonomy":"post_tag","embeddable":true,"href":"https:\/\/www.radiopresidenteibanez.cl\/web\/wp-json\/wp\/v2\/tags?post=15492"}],"curies":[{"name":"wp","href":"https:\/\/api.w.org\/{rel}","templated":true}]}}