{"id":15489,"date":"2020-10-28T12:12:22","date_gmt":"2020-10-28T12:12:22","guid":{"rendered":"https:\/\/www.radiopresidenteibanez.cl\/web\/?p=15489"},"modified":"2020-10-28T12:12:27","modified_gmt":"2020-10-28T12:12:27","slug":"mineduc-hace-llamado-para-que-los-mas-de-209-mil-alumnos-de-4-medio-retornen-a-clases-presenciales","status":"publish","type":"post","link":"https:\/\/www.radiopresidenteibanez.cl\/web\/mineduc-hace-llamado-para-que-los-mas-de-209-mil-alumnos-de-4-medio-retornen-a-clases-presenciales\/","title":{"rendered":"MINEDUC HACE LLAMADO PARA QUE LOS M\u00c1S DE 209 MIL ALUMNOS DE 4\u00b0 MEDIO RETORNEN A CLASES PRESENCIALES"},"content":{"rendered":"\n<p>Estar en 4\u00b0 medio es una etapa que marca las experiencias de vida de muchas personas, porque es precisamente en este nivel donde se viven los \u00faltimos momentos junto a compa\u00f1eros de a\u00f1os, y se debe comenzar a tomar decisiones para una vida m\u00e1s adulta, pero todos estos hitos se han visto convulsionados para los 209.732 j\u00f3venes que est\u00e1n en 4\u00b0 medio este 2020. Al igual que el resto de los escolares, han debido adaptarse a clases on line producto de la pandemia, pero ellos suman la tensi\u00f3n por rendir la Prueba de Transici\u00f3n y dar fin a una etapa de 12 a\u00f1os.<\/p>\n\n\n\n<p>Muchos de los estudiantes de 4\u00b0 medio han sentido que est\u00e1n perdiendo grandes y significativas experiencias al no asistir a clases presenciales, por eso algunos ya han decidido volver a sus escuelas y liceos que los han acogido por tantos a\u00f1os.<\/p>\n\n\n\n<p>Uno es el Liceo Industrial de la Construcci\u00f3n V\u00edctor Bezanilla Salinas, que visit\u00f3 el ministro de Educaci\u00f3n, Ra\u00fal Figueroa, junto a otras autoridades, para conocer las razones que llevaron a estos alumnos de 4\u00b0 medio a solicitar el regreso a clases presenciales.<\/p>\n\n\n\n<p>\u201cEstamos a dos meses de terminar el a\u00f1o escolar, y en el caso de los alumnos de 4\u00b0 medios a pocas semanas de culminar una de las etapas m\u00e1s importantes de la vida, por eso hoy es tiempo de pensar en ellos, y darles la posibilidad a cada estudiante que quiera estar en clases presenciales, que pueda vivir la experiencia de compartir los \u00faltimos d\u00edas con sus compa\u00f1eros, y terminar este ciclo como corresponde\u201d, asegur\u00f3 el&nbsp;<strong>ministro de Educaci\u00f3n, Ra\u00fal Figueroa.<\/strong><\/p>\n\n\n\n<p>En tanto el&nbsp;<strong>subsecretario de Redes Asistenciales, Arturo Z\u00fa\u00f1iga,<\/strong>&nbsp;asegur\u00f3 que este retorno ha sido posible gracias a medidas de mitigaci\u00f3n de coronavirus como el uso de mascarillas, alcohol gel y distanciamiento necesario, y agreg\u00f3 que \u201chemos podido ver c\u00f3mo tomando todas las medidas de seguridad, haciendo un proceso voluntario y progresivo se va regresando a cada colegio, los alumnos est\u00e1n volviendo a sus establecimientos, donde se forman personas y se hace comunidad\u201d.<\/p>\n\n\n\n<p><strong>Consejo Asesor \u201cAbrir las escuelas paso a paso\u201d<\/strong><\/p>\n\n\n\n<p>Como una forma de poder agilizar este retorno para los meses que quedan de este a\u00f1o, el Mineduc junto a la Unesco crearon el consejo asesor \u201cAbrir las escuelas paso a paso\u201d.&nbsp; El objetivo de esta instancia participativa es orientar a las comunidades educativas para un proceso de apertura gradual, segura y voluntaria.<\/p>\n\n\n\n<p>Se basar\u00e1n en cuatro ejes:<\/p>\n\n\n\n<ul class=\"wp-block-list\"><li>Realizar un proceso de monitoreo del retorno a clases presenciales y de la informaci\u00f3n generada a partir de \u00e9ste.<\/li><li>Revisar y analizar la evidencia existente respecto al impacto de la interrupci\u00f3n prolongada de las clases presenciales sobre el desarrollo de los ni\u00f1os y ni\u00f1as.<\/li><li>Analizar el proceso de desarrollo del plan de retorno voluntario a clases presenciales en los establecimientos educacionales que ya han abierto, rescatando experiencias, aprendizajes y buenas pr\u00e1cticas.<\/li><li>Dialogar, consultar y comunicar sobre las medidas propuestas y en proceso de implementaci\u00f3n para el retorno a las aulas y la continuidad de los aprendizajes.&nbsp;<\/li><\/ul>\n\n\n\n<p>\u201cLa urgencia por abrir los colegios es ahora, y por eso desde el Mineduc le pedimos a los sostenedores y alcaldes, y a toda la comunidad educativa en su conjunto, que hagamos un \u00faltimo esfuerzo para que todos los alumnos puedan retomar sus clases presenciales, y en especial a los estudiantes de 4\u00b0 medio para que tengan la oportunidad de reencontrase y despedirse de una de las etapas m\u00e1s importantes de la vida\u201d, a\u00f1adi\u00f3 el ministro Figueroa.<\/p>\n\n\n\n<p>Por su parte ,&nbsp;<strong>Claudia Uribe,&nbsp;<\/strong><strong>directora de la Oficina Regional de Educaci\u00f3n para Am\u00e9rica Latina y el Caribe (OREALC\/UNESCO Santiago),<\/strong>&nbsp;agradeci\u00f3 la alianza con Mineduc, porque permite \u201cacompa\u00f1ar y asesorar a todos los establecimientos educativos del pa\u00eds que as\u00ed lo quieran para iniciar un proceso se retorno seguro, gradual y voluntario\u201d, adem\u00e1s aprovech\u00f3 la instancia para felicitar al&nbsp;Liceo Industrial de la Construcci\u00f3n V\u00edctor Bezanilla Salinas por \u201cgenerar confianza, y hacer de&nbsp; este retorno un proyecto de toda la comunidad y as\u00ed iniciar este proceso de forma segura, y creemos que esto se puede hacer en muchos de los planteles educativos del pa\u00eds que est\u00e1n en localidades donde existen las condiciones sanitarias necesarias\u201d.<\/p>\n","protected":false},"excerpt":{"rendered":"<p>Estar en 4\u00b0 medio es una etapa que marca las experiencias de vida de muchas personas, porque es precisamente en este nivel donde se viven los \u00faltimos momentos junto a&#8230; <a class=\"read-more\" href=\"https:\/\/www.radiopresidenteibanez.cl\/web\/mineduc-hace-llamado-para-que-los-mas-de-209-mil-alumnos-de-4-medio-retornen-a-clases-presenciales\/\">Leer m\u00e1s<\/a><\/p>\n","protected":false},"author":2,"featured_media":15490,"comment_status":"closed","ping_status":"closed","sticky":false,"template":"","format":"standard","meta":{"footnotes":""},"categories":[1],"tags":[],"class_list":["post-15489","post","type-post","status-publish","format-standard","has-post-thumbnail","hentry","category-cronica"],"_links":{"self":[{"href":"https:\/\/www.radiopresidenteibanez.cl\/web\/wp-json\/wp\/v2\/posts\/15489","targetHints":{"allow":["GET"]}}],"collection":[{"href":"https:\/\/www.radiopresidenteibanez.cl\/web\/wp-json\/wp\/v2\/posts"}],"about":[{"href":"https:\/\/www.radiopresidenteibanez.cl\/web\/wp-json\/wp\/v2\/types\/post"}],"author":[{"embeddable":true,"href":"https:\/\/www.radiopresidenteibanez.cl\/web\/wp-json\/wp\/v2\/users\/2"}],"replies":[{"embeddable":true,"href":"https:\/\/www.radiopresidenteibanez.cl\/web\/wp-json\/wp\/v2\/comments?post=15489"}],"version-history":[{"count":0,"href":"https:\/\/www.radiopresidenteibanez.cl\/web\/wp-json\/wp\/v2\/posts\/15489\/revisions"}],"wp:featuredmedia":[{"embeddable":true,"href":"https:\/\/www.radiopresidenteibanez.cl\/web\/wp-json\/wp\/v2\/media\/15490"}],"wp:attachment":[{"href":"https:\/\/www.radiopresidenteibanez.cl\/web\/wp-json\/wp\/v2\/media?parent=15489"}],"wp:term":[{"taxonomy":"category","embeddable":true,"href":"https:\/\/www.radiopresidenteibanez.cl\/web\/wp-json\/wp\/v2\/categories?post=15489"},{"taxonomy":"post_tag","embeddable":true,"href":"https:\/\/www.radiopresidenteibanez.cl\/web\/wp-json\/wp\/v2\/tags?post=15489"}],"curies":[{"name":"wp","href":"https:\/\/api.w.org\/{rel}","templated":true}]}}