{"id":15487,"date":"2020-10-28T12:09:27","date_gmt":"2020-10-28T12:09:27","guid":{"rendered":"https:\/\/www.radiopresidenteibanez.cl\/web\/?p=15487"},"modified":"2020-10-28T12:09:32","modified_gmt":"2020-10-28T12:09:32","slug":"mas-de-180-empresas-han-postulado-al-subsidio-al-empleo-en-magallanes","status":"publish","type":"post","link":"https:\/\/www.radiopresidenteibanez.cl\/web\/mas-de-180-empresas-han-postulado-al-subsidio-al-empleo-en-magallanes\/","title":{"rendered":"M\u00c1S DE 180 EMPRESAS HAN POSTULADO AL SUBSIDIO AL EMPLEO EN MAGALLANES"},"content":{"rendered":"\n<p><em>Un avance\npositivo ha presentado la aplicaci\u00f3n del Subsidio al Empleo en Magallanes,\nanunciado por la autoridad laboral hace algunas semanas y que busca incentivar\nel retorno de trabajadores suspendidos por la Ley de Protecci\u00f3n del Empleo a\ntrav\u00e9s del subsidio \u201cRegresa\u201d y tambi\u00e9n la contrataci\u00f3n de nuevos trabajadores\na trav\u00e9s de la iniciativa \u201cContrata\u201d.<\/em><em><\/em><\/p>\n\n\n\n<p><em>Es as\u00ed que, a\nla fecha, seg\u00fan lo informado por la Seremi del Trabajo, Victoria Cort\u00e9s\nSchiattino, un total de 185 empresas han realizado la postulaci\u00f3n a ambos\nbeneficios en la regi\u00f3n de Magallanes, de un total de cerca de 17 mil que lo\nhan hecho a nivel pa\u00eds.<\/em><em><\/em><\/p>\n\n\n\n<p><em>\u201cEsta es una\nmuy buena noticia, porque significa que el subsidio al empleo ha tenido una\npositiva recepci\u00f3n por parte de las empresas magall\u00e1nicas y se nota un inter\u00e9s creciente\nen acceder a este beneficio. Hasta el momento, son 185 empleadores los que han\npresentado su postulaci\u00f3n, lo que equivale a 48 trabajadores postulados al\nsubsidio \u2018Regresa\u2019 y 234 al \u2018Contrata\u2019, lo que da un total de 282 trabajadores\nque hoy aspiran a ser reincorporados o contratados\u201d, coment\u00f3 la autoridad\nlaboral.<\/em><em><\/em><\/p>\n\n\n\n<p><em>\u201cDesde que el\nPresidente Sebasti\u00e1n Pi\u00f1era anunci\u00f3 la medida a fines del mes de septiembre\npasado, junto con el director de Sence Magallanes, y otras autoridades de la\nregi\u00f3n, hemos realizado un potente despliegue para explicar en qu\u00e9 consiste\neste subsidio e invitar a las empresas a postular. Sabemos que las condiciones\nsanitarias de la regi\u00f3n a\u00fan no permiten un retorno a las actividades normales,\nno obstante, a medida que sigan disminuyendo los contagios \u2013como se ha visto en\nlas \u00faltimas semanas- tambi\u00e9n ser\u00e1n m\u00e1s las empresas y los trabajadores que\npodr\u00e1n acceder a este aporte econ\u00f3mico\u201d, agreg\u00f3 Cort\u00e9s.<\/em><em><\/em><\/p>\n\n\n\n<p><em>De acuerdo al\nreporte de Sence, a nivel pa\u00eds, el 51% de las postulaciones corresponden al\nsubsidio \u201cRegresa\u201d, que busca beneficiar la reincorporaci\u00f3n de aquellos\ntrabajadores con suspensi\u00f3n de contratos. A su vez, el 49% de los empleadores\nhan aspirado al subsidio \u201cContrata\u201d para la contrataci\u00f3n de nuevos trabajadores\nen sus empresas.<\/em><em><\/em><\/p>\n\n\n\n<p><em>Con ello, la\ncantidad de trabajadores postulados a ambos subsidios alcanzan cerca de los 73\nmil a nivel nacional, seg\u00fan el balance emitido por Sence<\/em><em><\/em><\/p>\n\n\n\n<p><em>\u201cEsperamos\ncontinuar con este buen n\u00famero de postulaciones y que, paulatinamente, se\npuedan ir sumando muchas m\u00e1s en la medida que las condiciones sanitarias de la\nregi\u00f3n lo vayan permitiendo. Lo importante es que los empleadores sepan que se\npuede postular a este subsidio hasta el 31 de marzo del 2021, por lo que hay\nmucho tiempo a\u00fan para poder hacer uso de este beneficio a trav\u00e9s del sitio web <\/em><a href=\"http:\/\/www.subsidioalempleo.cl\">www.subsidioalempleo.cl<\/a><em>\u201d, a\u00f1adi\u00f3 el\ndirector regional de Sence Magallanes, Enrique Hern\u00e1ndez.<\/em><em><\/em><\/p>\n\n\n\n<p><em>Nuevamente, la\nautoridad record\u00f3 el beneficio econ\u00f3mico que ofrece cada subsidio. Por un lado,\n<\/em>el \u201cRegresa\u201d, entrega a las empresas un aporte equivalente a $160 mil, por cada\ntrabajador que retorne a su puesto de trabajo. En tanto, el subsidio \u201cContrata\u201d\nentrega el equivalente al 50% de la remuneraci\u00f3n bruta mensual, con tope de\nhasta $250 mil, por cada nuevo trabajador adicional contratado, recalcando que,\npara los j\u00f3venes, mujeres y personas en situaci\u00f3n de discapacidad, el subsidio\nser\u00e1 de un 60% de la remuneraci\u00f3n con tope de $270 mil.<\/p>\n","protected":false},"excerpt":{"rendered":"<p>Un avance positivo ha presentado la aplicaci\u00f3n del Subsidio al Empleo en Magallanes, anunciado por la autoridad laboral hace algunas semanas y que busca incentivar el retorno de trabajadores suspendidos&#8230; <a class=\"read-more\" href=\"https:\/\/www.radiopresidenteibanez.cl\/web\/mas-de-180-empresas-han-postulado-al-subsidio-al-empleo-en-magallanes\/\">Leer m\u00e1s<\/a><\/p>\n","protected":false},"author":2,"featured_media":11286,"comment_status":"closed","ping_status":"closed","sticky":false,"template":"","format":"standard","meta":{"footnotes":""},"categories":[1],"tags":[],"class_list":["post-15487","post","type-post","status-publish","format-standard","has-post-thumbnail","hentry","category-cronica"],"_links":{"self":[{"href":"https:\/\/www.radiopresidenteibanez.cl\/web\/wp-json\/wp\/v2\/posts\/15487","targetHints":{"allow":["GET"]}}],"collection":[{"href":"https:\/\/www.radiopresidenteibanez.cl\/web\/wp-json\/wp\/v2\/posts"}],"about":[{"href":"https:\/\/www.radiopresidenteibanez.cl\/web\/wp-json\/wp\/v2\/types\/post"}],"author":[{"embeddable":true,"href":"https:\/\/www.radiopresidenteibanez.cl\/web\/wp-json\/wp\/v2\/users\/2"}],"replies":[{"embeddable":true,"href":"https:\/\/www.radiopresidenteibanez.cl\/web\/wp-json\/wp\/v2\/comments?post=15487"}],"version-history":[{"count":0,"href":"https:\/\/www.radiopresidenteibanez.cl\/web\/wp-json\/wp\/v2\/posts\/15487\/revisions"}],"wp:featuredmedia":[{"embeddable":true,"href":"https:\/\/www.radiopresidenteibanez.cl\/web\/wp-json\/wp\/v2\/media\/11286"}],"wp:attachment":[{"href":"https:\/\/www.radiopresidenteibanez.cl\/web\/wp-json\/wp\/v2\/media?parent=15487"}],"wp:term":[{"taxonomy":"category","embeddable":true,"href":"https:\/\/www.radiopresidenteibanez.cl\/web\/wp-json\/wp\/v2\/categories?post=15487"},{"taxonomy":"post_tag","embeddable":true,"href":"https:\/\/www.radiopresidenteibanez.cl\/web\/wp-json\/wp\/v2\/tags?post=15487"}],"curies":[{"name":"wp","href":"https:\/\/api.w.org\/{rel}","templated":true}]}}