{"id":15478,"date":"2020-10-27T18:18:45","date_gmt":"2020-10-27T18:18:45","guid":{"rendered":"https:\/\/www.radiopresidenteibanez.cl\/web\/?p=15478"},"modified":"2020-10-27T18:18:52","modified_gmt":"2020-10-27T18:18:52","slug":"alcalde-radonich-propuso-suspender-cobro-del-centro-cultural-durante-2021","status":"publish","type":"post","link":"https:\/\/www.radiopresidenteibanez.cl\/web\/alcalde-radonich-propuso-suspender-cobro-del-centro-cultural-durante-2021\/","title":{"rendered":"ALCALDE RADONICH PROPUSO SUSPENDER COBRO DEL CENTRO CULTURAL DURANTE 2021"},"content":{"rendered":"\n<p>Para fomentar y mejorar el acceso a las expresiones\nart\u00edsticas y culturales, el alcalde de Punta Arenas, Claudio Radonich, propuso\nsuspender los cobros del Centro Cultural durante todo el 2021.<\/p>\n\n\n\n<p>Lo anterior ser\u00e1 votado este mi\u00e9rcoles (28 de octubre) por\nel Concejo Municipal, en el marco de la revisi\u00f3n de la Ordenanza Municipal de\nDerechos que regir\u00e1 los cobros que el Municipio realizar\u00e1 por diferentes\nservicios durante el pr\u00f3ximo a\u00f1o. \u201cHemos propuesto que se genere una exenci\u00f3n\nde cobros por la utilizaci\u00f3n del Centro Cultural de Punta Arenas, con el\nobjetivo de poder facilitar las expresiones de arte de grupos magall\u00e1nicos,\nsobre todo de nuestra ciudad y que tambi\u00e9n se pueda facilitar el acceso de los\nvecinos a estas actividades\u201d, indic\u00f3 la autoridad comunal.<\/p>\n\n\n\n<p>Radonich indic\u00f3 que se redactar\u00e1 un peque\u00f1o reglamento donde\nse establezcan las condiciones de este uso, donde estar\u00e1 presente que la\nprioridad la tendr\u00e1n las actividades de la cartelera municipal, tanto de la\nMunicipalidad, Corporaci\u00f3n Municipal, Casa Azul del Arte y la Fundaci\u00f3n\nCultural Municipal; adem\u00e1s de las actuaciones gratuitas para los vecinos.<\/p>\n\n\n\n<p>\u201cSiempre ha estado la voluntad por parte de la Municipalidad\nde poder facilitar el uso de este recinto con los resguardos necesarios, para\nque sea un lugar bello a orillas del Estrecho y que sea una luz de cultura para\ntoda nuestra comunidad. Conf\u00edo en el apoyo un\u00e1nime de los se\u00f1ores concejales,\npara que a partir del 1 de enero del pr\u00f3ximo a\u00f1o tengamos este beneficio para\nla cultura y artistas regionales\u201d, concluy\u00f3 el alcalde.<\/p>\n","protected":false},"excerpt":{"rendered":"<p>Para fomentar y mejorar el acceso a las expresiones art\u00edsticas y culturales, el alcalde de Punta Arenas, Claudio Radonich, propuso suspender los cobros del Centro Cultural durante todo el 2021&#8230;. <a class=\"read-more\" href=\"https:\/\/www.radiopresidenteibanez.cl\/web\/alcalde-radonich-propuso-suspender-cobro-del-centro-cultural-durante-2021\/\">Leer m\u00e1s<\/a><\/p>\n","protected":false},"author":2,"featured_media":15479,"comment_status":"closed","ping_status":"closed","sticky":false,"template":"","format":"standard","meta":{"footnotes":""},"categories":[1],"tags":[],"class_list":["post-15478","post","type-post","status-publish","format-standard","has-post-thumbnail","hentry","category-cronica"],"_links":{"self":[{"href":"https:\/\/www.radiopresidenteibanez.cl\/web\/wp-json\/wp\/v2\/posts\/15478","targetHints":{"allow":["GET"]}}],"collection":[{"href":"https:\/\/www.radiopresidenteibanez.cl\/web\/wp-json\/wp\/v2\/posts"}],"about":[{"href":"https:\/\/www.radiopresidenteibanez.cl\/web\/wp-json\/wp\/v2\/types\/post"}],"author":[{"embeddable":true,"href":"https:\/\/www.radiopresidenteibanez.cl\/web\/wp-json\/wp\/v2\/users\/2"}],"replies":[{"embeddable":true,"href":"https:\/\/www.radiopresidenteibanez.cl\/web\/wp-json\/wp\/v2\/comments?post=15478"}],"version-history":[{"count":0,"href":"https:\/\/www.radiopresidenteibanez.cl\/web\/wp-json\/wp\/v2\/posts\/15478\/revisions"}],"wp:featuredmedia":[{"embeddable":true,"href":"https:\/\/www.radiopresidenteibanez.cl\/web\/wp-json\/wp\/v2\/media\/15479"}],"wp:attachment":[{"href":"https:\/\/www.radiopresidenteibanez.cl\/web\/wp-json\/wp\/v2\/media?parent=15478"}],"wp:term":[{"taxonomy":"category","embeddable":true,"href":"https:\/\/www.radiopresidenteibanez.cl\/web\/wp-json\/wp\/v2\/categories?post=15478"},{"taxonomy":"post_tag","embeddable":true,"href":"https:\/\/www.radiopresidenteibanez.cl\/web\/wp-json\/wp\/v2\/tags?post=15478"}],"curies":[{"name":"wp","href":"https:\/\/api.w.org\/{rel}","templated":true}]}}