{"id":15472,"date":"2020-10-27T16:30:37","date_gmt":"2020-10-27T16:30:37","guid":{"rendered":"https:\/\/www.radiopresidenteibanez.cl\/web\/?p=15472"},"modified":"2020-10-27T16:30:42","modified_gmt":"2020-10-27T16:30:42","slug":"sistema-de-admision-escolar-publica-los-primeros-resultados-del-proceso-de-postulacion","status":"publish","type":"post","link":"https:\/\/www.radiopresidenteibanez.cl\/web\/sistema-de-admision-escolar-publica-los-primeros-resultados-del-proceso-de-postulacion\/","title":{"rendered":"SISTEMA DE ADMISI\u00d3N ESCOLAR PUBLICA LOS PRIMEROS RESULTADOS DEL PROCESO DE POSTULACI\u00d3N"},"content":{"rendered":"\n<p>A partir de este lunes ya se encuentran disponibles los resultados de las postulaciones del primer periodo de postulaci\u00f3n al Sistema de Admisi\u00f3n Escolar (SAE), los que se pueden revisar ingresando&nbsp;<a href=\"https:\/\/www.sistemadeadmisionescolar.cl\/\" target=\"_blank\" rel=\"noreferrer noopener\">https:\/\/www.sistemadeadmisionescolar.cl\/<\/a>. Adicionalmente, llegar\u00e1 a cada uno de los m\u00e1s de 390 mil apoderados que participaron del proceso, v\u00eda mail y&nbsp;SMS&nbsp;la invitaci\u00f3n para revisar los resultados en el sitio.<\/p>\n\n\n\n<p>\u201cHacemos la invitaci\u00f3n, a todos los apoderados que postularon a sus hijos a establecimientos educacionales con aportes del Estado a trav\u00e9s del Sistema de Admisi\u00f3n Escolar, a revisar los resultados de sus postulaciones ya disponibles en la p\u00e1gina web del sistema\u201d, coment\u00f3 el&nbsp;<strong>Subsecretario de Educaci\u00f3n Jorge Poblete.<\/strong><strong><\/strong><\/p>\n\n\n\n<p>El proceso, cuyas postulaciones comenzaron el 11 de agosto en regiones y el 13 de agosto en la Regi\u00f3n Metropolitana, cont\u00f3 con la participaci\u00f3n de 8.014 establecimientos educacionales, sumando m\u00e1s de 454 mil postulaciones, concentradas en un 63% en los cursos de Prek\u00ednder, 1\u00b0 B\u00e1sico y 1\u00b0 medio.&nbsp;<\/p>\n\n\n\n<p>\u201cEn la regi\u00f3n de Magallanes fueron 61 los establecimientos educacionales que participaron en el proceso registr\u00e1ndose 4.238 postulaciones. Recordamos a los apoderados que deben tener revisar la postulaci\u00f3n realizada y tener presente que a\u00fan queda el periodo complementario de postulaci\u00f3n, desde el 24 al 30 de noviembre, para que puedan postular durante este periodo si no alcanzaron a hacerlo durante el primero\u201d, record\u00f3 el&nbsp;<strong>Seremi de educaci\u00f3n de Magallanes, Rodrigo Sep\u00falveda Tagle.<\/strong><\/p>\n\n\n\n<p>Cabe mencionar que, si los apoderados no cuentan con internet para revisar el resultado de sus postulaciones entre este lunes 26 y el viernes 30 de octubre, podr\u00e1n revisar su estado llamando a&nbsp;<strong>Ayuda Mineduc al 600 600 26 26<\/strong>, o en los mismos puntos de apoyo que estuvieron disponibles para el periodo principal de postulaci\u00f3n. Para aquellas comunas que est\u00e9n en cuarentena, se mantendr\u00e1 el permiso en la Comisar\u00eda Virtual para que puedan asistir a estas locaciones.<\/p>\n","protected":false},"excerpt":{"rendered":"<p>A partir de este lunes ya se encuentran disponibles los resultados de las postulaciones del primer periodo de postulaci\u00f3n al Sistema de Admisi\u00f3n Escolar (SAE), los que se pueden revisar&#8230; <a class=\"read-more\" href=\"https:\/\/www.radiopresidenteibanez.cl\/web\/sistema-de-admision-escolar-publica-los-primeros-resultados-del-proceso-de-postulacion\/\">Leer m\u00e1s<\/a><\/p>\n","protected":false},"author":2,"featured_media":15473,"comment_status":"closed","ping_status":"closed","sticky":false,"template":"","format":"standard","meta":{"footnotes":""},"categories":[1],"tags":[],"class_list":["post-15472","post","type-post","status-publish","format-standard","has-post-thumbnail","hentry","category-cronica"],"_links":{"self":[{"href":"https:\/\/www.radiopresidenteibanez.cl\/web\/wp-json\/wp\/v2\/posts\/15472","targetHints":{"allow":["GET"]}}],"collection":[{"href":"https:\/\/www.radiopresidenteibanez.cl\/web\/wp-json\/wp\/v2\/posts"}],"about":[{"href":"https:\/\/www.radiopresidenteibanez.cl\/web\/wp-json\/wp\/v2\/types\/post"}],"author":[{"embeddable":true,"href":"https:\/\/www.radiopresidenteibanez.cl\/web\/wp-json\/wp\/v2\/users\/2"}],"replies":[{"embeddable":true,"href":"https:\/\/www.radiopresidenteibanez.cl\/web\/wp-json\/wp\/v2\/comments?post=15472"}],"version-history":[{"count":0,"href":"https:\/\/www.radiopresidenteibanez.cl\/web\/wp-json\/wp\/v2\/posts\/15472\/revisions"}],"wp:featuredmedia":[{"embeddable":true,"href":"https:\/\/www.radiopresidenteibanez.cl\/web\/wp-json\/wp\/v2\/media\/15473"}],"wp:attachment":[{"href":"https:\/\/www.radiopresidenteibanez.cl\/web\/wp-json\/wp\/v2\/media?parent=15472"}],"wp:term":[{"taxonomy":"category","embeddable":true,"href":"https:\/\/www.radiopresidenteibanez.cl\/web\/wp-json\/wp\/v2\/categories?post=15472"},{"taxonomy":"post_tag","embeddable":true,"href":"https:\/\/www.radiopresidenteibanez.cl\/web\/wp-json\/wp\/v2\/tags?post=15472"}],"curies":[{"name":"wp","href":"https:\/\/api.w.org\/{rel}","templated":true}]}}