{"id":1547,"date":"2019-02-24T19:16:29","date_gmt":"2019-02-24T19:16:29","guid":{"rendered":"http:\/\/www.radiopresidenteibanez.cl\/web\/?p=1547"},"modified":"2019-02-24T19:16:43","modified_gmt":"2019-02-24T19:16:43","slug":"hombre-fue-detenido-luego-de-que-vecinos-lo-denunciaran-por-exhibicionismo-en-la-via-publica","status":"publish","type":"post","link":"https:\/\/www.radiopresidenteibanez.cl\/web\/hombre-fue-detenido-luego-de-que-vecinos-lo-denunciaran-por-exhibicionismo-en-la-via-publica\/","title":{"rendered":"HOMBRE FUE DETENIDO LUEGO DE QUE VECINOS LO DENUNCIARAN POR EXHIBICIONISMO EN LA V\u00cdA P\u00daBLICA"},"content":{"rendered":"\n<p>La detenci\u00f3n se concret\u00f3 luego\nque un llamado a la l\u00ednea 134 de la Polic\u00eda de Investigaciones, diera cuenta de\nla presencia de un hombre, adulto, en las inmediaciones de Villa Selknam,\nsector norte de la ciudad, el que exhib\u00eda sus genitales a todo aquel que pasaba\npor el lugar. <\/p>\n\n\n\n<p>Personal de la Brisexme de la\nPolic\u00eda de Investigaciones de la PDI, lleg\u00f3 hasta el sector indicado para\nrealizar la detenci\u00f3n de este hombre, quien entre sus pertenencias portaba un\narma blanca, durante la jornada enfrentar\u00e1 a la justicia.<\/p>\n","protected":false},"excerpt":{"rendered":"<p>La detenci\u00f3n se concret\u00f3 luego que un llamado a la l\u00ednea 134 de la Polic\u00eda de Investigaciones, diera cuenta de la presencia de un hombre, adulto, en las inmediaciones de&#8230; <a class=\"read-more\" href=\"https:\/\/www.radiopresidenteibanez.cl\/web\/hombre-fue-detenido-luego-de-que-vecinos-lo-denunciaran-por-exhibicionismo-en-la-via-publica\/\">Leer m\u00e1s<\/a><\/p>\n","protected":false},"author":2,"featured_media":1548,"comment_status":"closed","ping_status":"closed","sticky":false,"template":"","format":"standard","meta":{"footnotes":""},"categories":[1],"tags":[],"class_list":["post-1547","post","type-post","status-publish","format-standard","has-post-thumbnail","hentry","category-cronica"],"_links":{"self":[{"href":"https:\/\/www.radiopresidenteibanez.cl\/web\/wp-json\/wp\/v2\/posts\/1547","targetHints":{"allow":["GET"]}}],"collection":[{"href":"https:\/\/www.radiopresidenteibanez.cl\/web\/wp-json\/wp\/v2\/posts"}],"about":[{"href":"https:\/\/www.radiopresidenteibanez.cl\/web\/wp-json\/wp\/v2\/types\/post"}],"author":[{"embeddable":true,"href":"https:\/\/www.radiopresidenteibanez.cl\/web\/wp-json\/wp\/v2\/users\/2"}],"replies":[{"embeddable":true,"href":"https:\/\/www.radiopresidenteibanez.cl\/web\/wp-json\/wp\/v2\/comments?post=1547"}],"version-history":[{"count":0,"href":"https:\/\/www.radiopresidenteibanez.cl\/web\/wp-json\/wp\/v2\/posts\/1547\/revisions"}],"wp:featuredmedia":[{"embeddable":true,"href":"https:\/\/www.radiopresidenteibanez.cl\/web\/wp-json\/wp\/v2\/media\/1548"}],"wp:attachment":[{"href":"https:\/\/www.radiopresidenteibanez.cl\/web\/wp-json\/wp\/v2\/media?parent=1547"}],"wp:term":[{"taxonomy":"category","embeddable":true,"href":"https:\/\/www.radiopresidenteibanez.cl\/web\/wp-json\/wp\/v2\/categories?post=1547"},{"taxonomy":"post_tag","embeddable":true,"href":"https:\/\/www.radiopresidenteibanez.cl\/web\/wp-json\/wp\/v2\/tags?post=1547"}],"curies":[{"name":"wp","href":"https:\/\/api.w.org\/{rel}","templated":true}]}}