{"id":15466,"date":"2020-10-26T15:06:30","date_gmt":"2020-10-26T15:06:30","guid":{"rendered":"https:\/\/www.radiopresidenteibanez.cl\/web\/?p=15466"},"modified":"2020-10-26T15:06:36","modified_gmt":"2020-10-26T15:06:36","slug":"presidente-de-la-achm-la-consulta-ciudadana-del-2019-anticipo-el-resultado-del-plebiscito-constitucional","status":"publish","type":"post","link":"https:\/\/www.radiopresidenteibanez.cl\/web\/presidente-de-la-achm-la-consulta-ciudadana-del-2019-anticipo-el-resultado-del-plebiscito-constitucional\/","title":{"rendered":"PRESIDENTE DE LA ACHM: LA CONSULTA CIUDADANA DEL 2019 ANTICIP\u00d3 EL RESULTADO DEL PLEBISCITO CONSTITUCIONAL"},"content":{"rendered":"\n<p> El presidente de la Asociaci\u00f3n Chilena de Municipalidades (AChM), alcalde de Natales, Fernando Paredes se refiri\u00f3 a los resultados del plebiscito constitucional celebrado ayer y que le dio un amplio triunfo a la opci\u00f3n apruebo, lo que permitir\u00e1 escribir una nueva constituci\u00f3n para Chile.<\/p>\n\n\n\n<p>Sobre los comicios de ayer, el alcalde Paredes se\u00f1al\u00f3 que \u201cprimero es importante destacar que lo ocurrido ayer es un triunfo de la ciudadan\u00eda, la AChM lider\u00f3 el proceso de una consulta ciudadana, donde un 80 % de los participantes, m\u00e1s de dos millones y medio de chilenos, quer\u00edan una nueva constituci\u00f3n, lo cual se vio reflejado en el plebiscito de ayer, resaltando datos duros que reflejan un trabajo bien realizado y con una amplia participaci\u00f3n de la gente\u201d.<\/p>\n\n\n\n<p>El alcalde de Natales destac\u00f3 el proceso de los municipios del a\u00f1o 2019 indicando que \u201cobservamos hubo una relaci\u00f3n directa y podemos concluir, que los municipios supieron leer en su momento lo que quer\u00eda la ciudadan\u00eda, creo que ayer gan\u00f3 la gente y la participaci\u00f3n, ayer se vio reflejada de gran manera\u201d.<\/p>\n\n\n\n<p>Sobre el proceso que se avecina con la elecci\u00f3n de los constituyentes el presidente de la AChM dijo que \u201cla verdad es que veo el papel de los municipios en dos aspectos: ser el puente para facilitar toda la informaci\u00f3n disponible para los constituyentes, siendo un factor clave para encauzar la participaci\u00f3n ciudadana; y por otra parte, la educaci\u00f3n c\u00edvica para la comunidad, que tiene que informarse muy bien, para conocer los reales alcances de este proceso de nueva constituci\u00f3n, donde creo que los municipios tenemos un rol fundamental\u201d.<br><\/p>\n","protected":false},"excerpt":{"rendered":"<p>El presidente de la Asociaci\u00f3n Chilena de Municipalidades (AChM), alcalde de Natales, Fernando Paredes se refiri\u00f3 a los resultados del plebiscito constitucional celebrado ayer y que le dio un amplio&#8230; <a class=\"read-more\" href=\"https:\/\/www.radiopresidenteibanez.cl\/web\/presidente-de-la-achm-la-consulta-ciudadana-del-2019-anticipo-el-resultado-del-plebiscito-constitucional\/\">Leer m\u00e1s<\/a><\/p>\n","protected":false},"author":2,"featured_media":14301,"comment_status":"closed","ping_status":"closed","sticky":false,"template":"","format":"standard","meta":{"footnotes":""},"categories":[1],"tags":[],"class_list":["post-15466","post","type-post","status-publish","format-standard","has-post-thumbnail","hentry","category-cronica"],"_links":{"self":[{"href":"https:\/\/www.radiopresidenteibanez.cl\/web\/wp-json\/wp\/v2\/posts\/15466","targetHints":{"allow":["GET"]}}],"collection":[{"href":"https:\/\/www.radiopresidenteibanez.cl\/web\/wp-json\/wp\/v2\/posts"}],"about":[{"href":"https:\/\/www.radiopresidenteibanez.cl\/web\/wp-json\/wp\/v2\/types\/post"}],"author":[{"embeddable":true,"href":"https:\/\/www.radiopresidenteibanez.cl\/web\/wp-json\/wp\/v2\/users\/2"}],"replies":[{"embeddable":true,"href":"https:\/\/www.radiopresidenteibanez.cl\/web\/wp-json\/wp\/v2\/comments?post=15466"}],"version-history":[{"count":0,"href":"https:\/\/www.radiopresidenteibanez.cl\/web\/wp-json\/wp\/v2\/posts\/15466\/revisions"}],"wp:featuredmedia":[{"embeddable":true,"href":"https:\/\/www.radiopresidenteibanez.cl\/web\/wp-json\/wp\/v2\/media\/14301"}],"wp:attachment":[{"href":"https:\/\/www.radiopresidenteibanez.cl\/web\/wp-json\/wp\/v2\/media?parent=15466"}],"wp:term":[{"taxonomy":"category","embeddable":true,"href":"https:\/\/www.radiopresidenteibanez.cl\/web\/wp-json\/wp\/v2\/categories?post=15466"},{"taxonomy":"post_tag","embeddable":true,"href":"https:\/\/www.radiopresidenteibanez.cl\/web\/wp-json\/wp\/v2\/tags?post=15466"}],"curies":[{"name":"wp","href":"https:\/\/api.w.org\/{rel}","templated":true}]}}