{"id":15463,"date":"2020-10-26T15:01:54","date_gmt":"2020-10-26T15:01:54","guid":{"rendered":"https:\/\/www.radiopresidenteibanez.cl\/web\/?p=15463"},"modified":"2020-10-26T15:01:59","modified_gmt":"2020-10-26T15:01:59","slug":"sobrevuelo-preventivo-sobre-el-rio-las-minas","status":"publish","type":"post","link":"https:\/\/www.radiopresidenteibanez.cl\/web\/sobrevuelo-preventivo-sobre-el-rio-las-minas\/","title":{"rendered":"SOBREVUELO PREVENTIVO SOBRE EL R\u00cdO LAS MINAS"},"content":{"rendered":"\n<p>La pandemia\nha hecho que los focos de atenci\u00f3n de las entidades gubernamentales centren sus\nesfuerzos en la atenci\u00f3n de las personas en todo lo relacionado con evitar contagios,\ncampa\u00f1as de prevenci\u00f3n y medidas que obedecen a detener la propagaci\u00f3n del\nvirus.<\/p>\n\n\n\n<p>Sin embargo,\ny sin dejar de atender todo lo relacionado con la crisis sanitaria que nos\nafecta, tambi\u00e9n hay otras situaciones que necesitan atenci\u00f3n. Una de ellas es\nla vigilancia de la cuenca r\u00edo Las Minas, que es constantemente monitoreada,\npor los organismos pertinentes. En ese sentido el gobernador provincial de\nMagallanes, quien lidera la Mesa Cuenca, del Subcomit\u00e9 de Protecci\u00f3n Civil y\nEmergencias, de la gobernaci\u00f3n, integrada adem\u00e1s, por Sernageomin, la Direcci\u00f3n\ngeneral de Aguas, la Divisi\u00f3n de Obras Hidr\u00e1ulicas, Municipalidad, Onemi, Conaf\ny Gobernaci\u00f3n, y luego de una espera debido a las condiciones clim\u00e1ticas por\nviento, dispuso la reactivaci\u00f3n de monitoreos, gestionando un sobrevuelo a lo\nlargo de toda la cuenca, en un avi\u00f3n de la Fuerza A\u00e9rea de Chile.<\/p>\n\n\n\n<p>Estos vuelos\npreventivos se realizan en los sectores donde hist\u00f3ricamente ha habido estas\nremociones.<\/p>\n\n\n\n<p>Cabe recordar\nque los \u00faltimos grandes deslizamientos, ocurridos en 1990 y 2012 se\ncaracterizaron por un gran transporte de sedimento, que trajeron consigo gran\ndestrucci\u00f3n en la ciudad. Por eso la importancia de visualizar si ha habido\nremoci\u00f3n en la cuenca.<\/p>\n\n\n\n<p>El gobernador\nVillegas, explic\u00f3 que \u201cel monitoreo del r\u00edo Las Minas es fundamental, dados los\nantecedentes hist\u00f3ricos que todos conocemos, es preciso realizar este tipo de actividades en la funci\u00f3n\npreventiva de los Servicios P\u00fablicos que componen la Mesa Cuenca de nuestra\ngobernaci\u00f3n. Este tipo de actividades tiene la finalidad de apreciar la\ncondici\u00f3n de la cuenca alta del r\u00edo de las minas en sectores donde no se puede\nacceder por v\u00eda terrestre y&nbsp; realizar\nevaluaciones t\u00e9cnicas con el fin de tomar eventuales medidas en torno a la\nprevenci\u00f3n de situaciones de riesgo en beneficio de la comunidad de la ciudad\nde Punta Arenas\u201d.<\/p>\n\n\n\n<p>Actualmente\nse realiza un m\u00ednimo de dos sobrevuelos anuales que revisten una gran\nimportancia para el trabajo en conjunto del monitoreo permanente que se realiza\na la Cuenca del R\u00edo de las Minas.<\/p>\n\n\n\n<p>En esta\nocasi\u00f3n, obedeciendo medidas sanitarias, en el marco de la pandemia Covid19, en\nel vuelo solo viajaron profesionales de Sernageomin, quienes pudieron observar\nel comportamiento&nbsp;y estado actual de la cuenca en sectores que son de\ndif\u00edcil acceso, y que gracias al sobrevuelo pueden ser supervisados manteniendo\nuna observaci\u00f3n minuciosa, con el fin de prevenir una cat\u00e1strofe natural.<\/p>\n\n\n\n<p>El director regional\nde Sernageomin Hans Gabler, explica que la labor de la instituci\u00f3n en la\ncuenca, se realiza en el marco del Programa de sectores cr\u00edticos del r\u00edo Las\nMinas, que principalmente ha significado poner instrumental en la cuenca del\nr\u00edo, en los puntos donde hist\u00f3ricamente ha habido deslizamientos o remociones\nde masa. \u201cPor eso se realizan vuelos peri\u00f3dicos, para ir analizando y viendo\nsi&nbsp; es que ha habido alguna reactivaci\u00f3n\nde estos deslizamientos. Estos vuelos se hacen en forma permanente, por lo\nmenos hemos hecho durante este a\u00f1o cuatro o cinco sobrevuelos\u201d, explic\u00f3.\nAgregando que \u201cComo hemos estado en esta situaci\u00f3n de pandemia, no hemos podido\nmonitorear durante los \u00faltimos meses y tambi\u00e9n, a causa del viento, ha sido\ncomplicado utilizar el avi\u00f3n no tripulado que tenemos para hacer las fotos en\ntiempo real. De todos modos, luego del monitoreo &nbsp;la idea es comparar la&nbsp; informaci\u00f3n con la que ya se ha obtenido\nanteriormente con el equipo.<\/p>\n\n\n\n<p>Con las\nestaciones de equipo que tiene instaladas Sernageomin, se monitorean los puntos\nen que hist\u00f3ricamente se han producido remociones en masa. Al respecto el\nDirector Gabler, coment\u00f3 que est\u00e1 prevista la instalaci\u00f3n de una estaci\u00f3n\ndefinitiva que unir\u00e1 todos estos punto, &nbsp;para que se puede ver y monitorear en l\u00ednea y\nconstantemente, alg\u00fan tipo de remoci\u00f3n. Dicha instalaci\u00f3n tendr\u00eda lugar luego\nde que pase la pandemia.<\/p>\n\n\n\n<p>Los\nsobrevuelos siempre son pertinentes para seguridad de la poblaci\u00f3n.<\/p>\n\n\n\n<p>En espera del\ninforme final, en cuanto a lo que es la parte geogl\u00f3gica, donde participar\u00e1n\nlos ge\u00f3logos del servicio, y luego, una vez emitido el informe, se realizar\u00e1 el\npatrullaje terrestre con Conaf, a sectores donde eventualmente pudiera haber\nhielo, o deslizamientos, para hacer una observaci\u00f3n m\u00e1s detallada en tierra. Visitas\nde inspecci\u00f3n que son esenciales para complementar la verificaci\u00f3n del estado\nde la cuenca, realizada en los sobrevuelos, y poder anticiparse a futuros\nescenarios de inundaciones y desbordes. &nbsp;<\/p>\n\n\n\n<p>De acuerdo a lo informado por Sernageomin y para tranquilidad de la poblaci\u00f3n, el sobrevuelo a la cuenca r\u00edo Las Minas, devolvi\u00f3 una imagen tranquila, sin mayores inconvenientes la cuenca se ve despaejada con cauce limpio y sin grandes acumulaciones de nieve en el sector sobrevolado<\/p>\n\n\n\n<p>El gobernador\ndestac\u00f3 el esfuerzo permanente de los servicios que trabajan en el tema y\nagradeci\u00f3 a la FACH por el sobrevuelo en s\u00ed.<\/p>\n","protected":false},"excerpt":{"rendered":"<p>La pandemia ha hecho que los focos de atenci\u00f3n de las entidades gubernamentales centren sus esfuerzos en la atenci\u00f3n de las personas en todo lo relacionado con evitar contagios, campa\u00f1as&#8230; <a class=\"read-more\" href=\"https:\/\/www.radiopresidenteibanez.cl\/web\/sobrevuelo-preventivo-sobre-el-rio-las-minas\/\">Leer m\u00e1s<\/a><\/p>\n","protected":false},"author":2,"featured_media":15464,"comment_status":"closed","ping_status":"closed","sticky":false,"template":"","format":"standard","meta":{"footnotes":""},"categories":[1],"tags":[],"class_list":["post-15463","post","type-post","status-publish","format-standard","has-post-thumbnail","hentry","category-cronica"],"_links":{"self":[{"href":"https:\/\/www.radiopresidenteibanez.cl\/web\/wp-json\/wp\/v2\/posts\/15463","targetHints":{"allow":["GET"]}}],"collection":[{"href":"https:\/\/www.radiopresidenteibanez.cl\/web\/wp-json\/wp\/v2\/posts"}],"about":[{"href":"https:\/\/www.radiopresidenteibanez.cl\/web\/wp-json\/wp\/v2\/types\/post"}],"author":[{"embeddable":true,"href":"https:\/\/www.radiopresidenteibanez.cl\/web\/wp-json\/wp\/v2\/users\/2"}],"replies":[{"embeddable":true,"href":"https:\/\/www.radiopresidenteibanez.cl\/web\/wp-json\/wp\/v2\/comments?post=15463"}],"version-history":[{"count":0,"href":"https:\/\/www.radiopresidenteibanez.cl\/web\/wp-json\/wp\/v2\/posts\/15463\/revisions"}],"wp:featuredmedia":[{"embeddable":true,"href":"https:\/\/www.radiopresidenteibanez.cl\/web\/wp-json\/wp\/v2\/media\/15464"}],"wp:attachment":[{"href":"https:\/\/www.radiopresidenteibanez.cl\/web\/wp-json\/wp\/v2\/media?parent=15463"}],"wp:term":[{"taxonomy":"category","embeddable":true,"href":"https:\/\/www.radiopresidenteibanez.cl\/web\/wp-json\/wp\/v2\/categories?post=15463"},{"taxonomy":"post_tag","embeddable":true,"href":"https:\/\/www.radiopresidenteibanez.cl\/web\/wp-json\/wp\/v2\/tags?post=15463"}],"curies":[{"name":"wp","href":"https:\/\/api.w.org\/{rel}","templated":true}]}}