{"id":15461,"date":"2020-10-26T14:51:22","date_gmt":"2020-10-26T14:51:22","guid":{"rendered":"https:\/\/www.radiopresidenteibanez.cl\/web\/?p=15461"},"modified":"2020-10-26T14:51:27","modified_gmt":"2020-10-26T14:51:27","slug":"la-hora-de-escuchar-por-ernesto-sepulveda-tornero","status":"publish","type":"post","link":"https:\/\/www.radiopresidenteibanez.cl\/web\/la-hora-de-escuchar-por-ernesto-sepulveda-tornero\/","title":{"rendered":"LA HORA DE ESCUCHAR por Ernesto Sep\u00falveda Tornero"},"content":{"rendered":"\n<p>Treinta y dos a\u00f1os despu\u00e9s del plebiscito de 1988, que nos\npermiti\u00f3 ponerle fin a la dictadura, volvimos a las urnas, para iniciar un\nproceso constituyente. Es un momento hist\u00f3rico, que nos emocion\u00f3 hasta las\nl\u00e1grimas, a quienes estuvimos all\u00ed el 88\u2019, y luego caminamos la larga senda de\nla transici\u00f3n. Nadie esperaba un resultado tan contundente. Ocho de cada diez\nchilenos optaron por la opci\u00f3n apruebo, una nueva constituci\u00f3n. Un porcentaje\nsimilar, vot\u00f3 para que la nueva constituci\u00f3n la escriba una Convenci\u00f3n\nconstitucional, \u00edntegramente electa por el voto popular.<\/p>\n\n\n\n<p>&nbsp;&nbsp;&nbsp;&nbsp;&nbsp;&nbsp;&nbsp;&nbsp;&nbsp;&nbsp;&nbsp;&nbsp;&nbsp;&nbsp;&nbsp;&nbsp;&nbsp;&nbsp;&nbsp;&nbsp;&nbsp;&nbsp;&nbsp;&nbsp;&nbsp;&nbsp;&nbsp; Es\nuna voz que ha sonado muy fuerte, como para no o\u00edrla. No son los dirigentes\npol\u00edticos, ni los parlamentarios, son las personas comunes y silvestres, los\nvecinos y vecinas de todo Chile. Es un clamor transversal, diverso, un\u00e1nime,\npor realizar cambios en nuestro pa\u00eds.<\/p>\n\n\n\n<p>&nbsp;&nbsp;&nbsp;&nbsp;&nbsp;&nbsp;&nbsp;&nbsp;&nbsp;&nbsp;&nbsp;&nbsp;&nbsp;&nbsp;&nbsp;&nbsp;&nbsp;&nbsp;&nbsp;&nbsp;&nbsp;&nbsp;&nbsp;&nbsp;&nbsp;&nbsp;&nbsp; La\nelite pol\u00edtica ha tratado de hegemonizar este proceso. Craso error, este\nproceso trasciende a los partidos pol\u00edticos. Es el momento de escuchar, es el\nmomento de que las altas dirigencias pol\u00edticas,&nbsp;\nrecorran la senda de la humildad. Esto incluye, por supuesto, al\npresidente de la Rep\u00fablica. <\/p>\n\n\n\n<p>&nbsp;&nbsp;&nbsp;&nbsp;&nbsp;&nbsp;&nbsp;&nbsp;&nbsp;&nbsp;&nbsp;&nbsp;&nbsp;&nbsp;&nbsp;&nbsp;&nbsp;&nbsp;&nbsp;&nbsp;&nbsp;&nbsp;&nbsp;&nbsp;&nbsp;&nbsp;&nbsp; No\nes f\u00e1cil, amigos m\u00edos, muchos ahora se apuran en subirse al tren del apruebo.\nComo si alguien fuera due\u00f1o de las aspiraciones y sue\u00f1os de los chilenos.<\/p>\n\n\n\n<p>&nbsp;&nbsp;&nbsp;&nbsp;&nbsp;&nbsp;&nbsp;&nbsp;&nbsp;&nbsp;&nbsp;&nbsp;&nbsp;&nbsp;&nbsp;&nbsp;&nbsp;&nbsp;&nbsp;&nbsp;&nbsp;&nbsp;&nbsp;&nbsp;&nbsp;&nbsp;&nbsp; El\ncamino es pedregoso, pero no va al despe\u00f1adero. Fue un error may\u00fasculo de\nquienes quer\u00edan defender, el estatus quo, el adoptar la campa\u00f1a del terror. Los\nhechos demuestran que incluso los votantes tradicionales de centro derecha, no\ncreyeron esas historias terror\u00edficas. Y saben qu\u00e9?, la nueva constituci\u00f3n la\nvamos a hacer entre todos, y se requiere escuchar todas las voces. No tiene\nsentido pretender, sustituir el texto impuesto (con las modificaciones de 30\na\u00f1os de transici\u00f3n), por otro texto impuesto, acallando el resto de las voces.<\/p>\n\n\n\n<p>&nbsp;&nbsp;&nbsp;&nbsp;&nbsp;&nbsp;&nbsp;&nbsp;&nbsp;&nbsp;&nbsp;&nbsp;&nbsp;&nbsp;&nbsp;&nbsp;&nbsp;&nbsp;&nbsp;&nbsp;&nbsp;&nbsp;&nbsp;&nbsp;&nbsp;&nbsp;&nbsp; El\nresultado electoral demuestra, que existe un consenso muy amplio, y\ntransversal, por construir un proyecto com\u00fan. Por construir&nbsp; un futuro com\u00fan, pac\u00edficamente, con los\nmedios y recursos de la institucionalidad democr\u00e1tica. Esta sola conclusi\u00f3n,\ndebiera ser motivo de sobra, para tranquilizar los \u00e1nimos, por reducir los\ntemores. No estamos en Chile ad portas de una revoluci\u00f3n bolchevique ni una\nrevuelta chavista. Estamos iniciando un proceso constituyente, que va a\nlegitimar a los actores sociales y econ\u00f3micos existentes en nuestra sociedad.\nCada vez va a pesar menos, el discurso del pol\u00edtico de turno en las encuestas.\nLo que va a pesar es la efectividad de las medidas, la capacidad de concretar\nlos proyectos. La exigencia de accountability en la actividad p\u00fablica, la\nincorporaci\u00f3n de indicadores de gesti\u00f3n, no s\u00f3lo en los \u00f3rganos del estado,\nsino en todo organismo que reciba financiamiento estatal. La p\u00e9rdida de la\nhegemon\u00eda de los partidos pol\u00edticos, va a significar un traspaso concreto de\npoder a los ciudadanos. Prepararnos para enfrentar este escenario, es la tarea\nactual. Preparar candidatos a la convenci\u00f3n constituyente, es tan importante,\ncomo la exigencia de compromiso en contenidos concretos.<\/p>\n\n\n\n<p>&nbsp;&nbsp;&nbsp;&nbsp;&nbsp;&nbsp;&nbsp;&nbsp;&nbsp;&nbsp;&nbsp;&nbsp;&nbsp;&nbsp;&nbsp;&nbsp;&nbsp;&nbsp;&nbsp;&nbsp;&nbsp;&nbsp;&nbsp;&nbsp;&nbsp;&nbsp;&nbsp;&nbsp;&nbsp;&nbsp;&nbsp;&nbsp;&nbsp;&nbsp; Algunas\nideas a discutir: Iniciativa popular de ley; ley de rentas regionales;\nadministraci\u00f3n regional del territorio; plebiscito revocatorio; reposici\u00f3n del\nvoto obligatorio; parlamento unicameral; elecci\u00f3n de autoridades de todo nivel,\nen una misma votaci\u00f3n.<\/p>\n\n\n\n<p>&nbsp;&nbsp;&nbsp;&nbsp;&nbsp;&nbsp;&nbsp;&nbsp;&nbsp;&nbsp;&nbsp;&nbsp;&nbsp;&nbsp;&nbsp;&nbsp;&nbsp;&nbsp;&nbsp;&nbsp;&nbsp;&nbsp;&nbsp;&nbsp;&nbsp;&nbsp;&nbsp; &nbsp;&nbsp;&nbsp;&nbsp;&nbsp;&nbsp;&nbsp;&nbsp; El camino que iniciamos con el\nresultado del plebiscito, nos exige no s\u00f3lo aguzar el o\u00eddo para escuchar, nos\nexige, una actitud de humildad, para no tratar de imponer un nuevo orden, a\nraja tabla, sin respetar todas las voces.&nbsp;\nLa multiplicidad de valores, de principios, de intereses, presentes en\nnuestra sociedad, deben representarse en nuestra constituci\u00f3n. Un estado\nprotector, no demasiado grande, flexible y efectivo. Un sector privado\ndin\u00e1mico, que pueda desarrollar al m\u00e1ximo sus potencialidades, y creatividad.\nPero con regulaciones claras, precisas, que establezcan la justa contribuci\u00f3n\ndel capital, al desarrollo social. El rol del trabajo, como centro de una\neconom\u00eda social de mercado, que se conjugue con la necesaria flexibilidad en\nuna empresa moderna. <\/p>\n\n\n\n<p>&nbsp;&nbsp;&nbsp;&nbsp;&nbsp;&nbsp;&nbsp;&nbsp;&nbsp;&nbsp;&nbsp;&nbsp;&nbsp;&nbsp;&nbsp;&nbsp;&nbsp;&nbsp;&nbsp;&nbsp;&nbsp;&nbsp;&nbsp;&nbsp;&nbsp;&nbsp;&nbsp;&nbsp;&nbsp;&nbsp;&nbsp;&nbsp;&nbsp;&nbsp;&nbsp;&nbsp;&nbsp;&nbsp;&nbsp;&nbsp;&nbsp; La\nincorporaci\u00f3n del mundo empresarial y econ\u00f3mico, al debate constituyente, es\nfundamental para asegurar que el nuevo orden, genere condiciones de estabilidad\npara la inversi\u00f3n y el empleo.&nbsp; La garant\u00eda\nde cat\u00e1logos mas sofisticados de derechos sociales, requiere de la existencia\nde un sector privado din\u00e1mico, innovador, que pueda financiarlos, a trav\u00e9s de\nsu aporte al crecimiento.<\/p>\n\n\n\n<p>&nbsp;&nbsp;&nbsp;&nbsp;&nbsp;&nbsp;&nbsp;&nbsp;&nbsp;&nbsp;&nbsp;&nbsp;&nbsp;&nbsp;&nbsp;&nbsp;&nbsp;&nbsp;&nbsp;&nbsp;&nbsp;&nbsp;&nbsp;&nbsp;&nbsp;&nbsp;&nbsp;&nbsp;&nbsp;&nbsp;&nbsp;&nbsp;&nbsp;&nbsp;&nbsp;&nbsp;&nbsp;&nbsp;&nbsp;&nbsp;&nbsp; La\ninmensa mayor\u00eda de los chilenos, estamos por construir en una senda de paz,\nsum\u00e9monos todos con entusiasmo, que se oigan todas las voces, para un mejor\npa\u00eds.<\/p>\n\n\n\n<p>Ernesto Sep\u00falveda Tornero<\/p>\n","protected":false},"excerpt":{"rendered":"<p>Treinta y dos a\u00f1os despu\u00e9s del plebiscito de 1988, que nos permiti\u00f3 ponerle fin a la dictadura, volvimos a las urnas, para iniciar un proceso constituyente. Es un momento hist\u00f3rico,&#8230; <a class=\"read-more\" href=\"https:\/\/www.radiopresidenteibanez.cl\/web\/la-hora-de-escuchar-por-ernesto-sepulveda-tornero\/\">Leer m\u00e1s<\/a><\/p>\n","protected":false},"author":2,"featured_media":2310,"comment_status":"closed","ping_status":"closed","sticky":false,"template":"","format":"standard","meta":{"footnotes":""},"categories":[1],"tags":[],"class_list":["post-15461","post","type-post","status-publish","format-standard","has-post-thumbnail","hentry","category-cronica"],"_links":{"self":[{"href":"https:\/\/www.radiopresidenteibanez.cl\/web\/wp-json\/wp\/v2\/posts\/15461","targetHints":{"allow":["GET"]}}],"collection":[{"href":"https:\/\/www.radiopresidenteibanez.cl\/web\/wp-json\/wp\/v2\/posts"}],"about":[{"href":"https:\/\/www.radiopresidenteibanez.cl\/web\/wp-json\/wp\/v2\/types\/post"}],"author":[{"embeddable":true,"href":"https:\/\/www.radiopresidenteibanez.cl\/web\/wp-json\/wp\/v2\/users\/2"}],"replies":[{"embeddable":true,"href":"https:\/\/www.radiopresidenteibanez.cl\/web\/wp-json\/wp\/v2\/comments?post=15461"}],"version-history":[{"count":0,"href":"https:\/\/www.radiopresidenteibanez.cl\/web\/wp-json\/wp\/v2\/posts\/15461\/revisions"}],"wp:featuredmedia":[{"embeddable":true,"href":"https:\/\/www.radiopresidenteibanez.cl\/web\/wp-json\/wp\/v2\/media\/2310"}],"wp:attachment":[{"href":"https:\/\/www.radiopresidenteibanez.cl\/web\/wp-json\/wp\/v2\/media?parent=15461"}],"wp:term":[{"taxonomy":"category","embeddable":true,"href":"https:\/\/www.radiopresidenteibanez.cl\/web\/wp-json\/wp\/v2\/categories?post=15461"},{"taxonomy":"post_tag","embeddable":true,"href":"https:\/\/www.radiopresidenteibanez.cl\/web\/wp-json\/wp\/v2\/tags?post=15461"}],"curies":[{"name":"wp","href":"https:\/\/api.w.org\/{rel}","templated":true}]}}