{"id":15459,"date":"2020-10-26T14:48:19","date_gmt":"2020-10-26T14:48:19","guid":{"rendered":"https:\/\/www.radiopresidenteibanez.cl\/web\/?p=15459"},"modified":"2020-10-26T14:48:30","modified_gmt":"2020-10-26T14:48:30","slug":"el-ultimo-tren-a-casa-a-pedido-de-numerosos-auditores-reiteramos-programa-a-juan-tabilo","status":"publish","type":"post","link":"https:\/\/www.radiopresidenteibanez.cl\/web\/el-ultimo-tren-a-casa-a-pedido-de-numerosos-auditores-reiteramos-programa-a-juan-tabilo\/","title":{"rendered":"\u00abEL \u00daLTIMO TREN A CASA\u00bb: A PEDIDO DE NUMEROSOS AUDITORES REITERAMOS PROGRAMA A JUAN TABILO"},"content":{"rendered":"\n<p> Este lunes 26 de octubre a las 19 hrs. el programa\u00a0<strong><em>\u00abEl \u00faltimo tren a casa\u00bb<\/em><\/strong>\u00a0a pedido de muchos auditores reiteraremos el programa dedicado al cantor regional\u00a0<strong>JUAN TABILO FUENTES<\/strong>.<\/p>\n\n\n\n<p>El 13 de octubre reci\u00e9n pasado falleci\u00f3 el destacado y reconocido cantautor en la ciudad de Los Andes, Valle de Aconcagua, v\u00edctima de un ataque card\u00edaco. Tabilo ten\u00eda 63 a\u00f1os y desde hace 8 a\u00f1os luchaba por las secuelas producidas por un Accidente Cerebro Vascular (ACV) que le provino el 28 de noviembre de 2012.<\/p>\n\n\n\n<p>Este programa producido por el Colectivo Aczi\u00f3n Kultural entrega parte de su historia, la m\u00fasica que atesor\u00f3, su lucha social, los testimonios de su hija Dania, su hermana Ver\u00f3nica, los actores Mauricio Guichapany y Mauricio Baham\u00f3ndes, los cantores Ricardo P\u00e9rez y Carlos Guala.<\/p>\n\n\n\n<p><strong>\u00abJUAN TABILO PRESENTE, AHORA Y SIEMPRE!<\/strong><\/p>\n","protected":false},"excerpt":{"rendered":"<p>Este lunes 26 de octubre a las 19 hrs. el programa\u00a0\u00abEl \u00faltimo tren a casa\u00bb\u00a0a pedido de muchos auditores reiteraremos el programa dedicado al cantor regional\u00a0JUAN TABILO FUENTES. El 13&#8230; <a class=\"read-more\" href=\"https:\/\/www.radiopresidenteibanez.cl\/web\/el-ultimo-tren-a-casa-a-pedido-de-numerosos-auditores-reiteramos-programa-a-juan-tabilo\/\">Leer m\u00e1s<\/a><\/p>\n","protected":false},"author":2,"featured_media":15208,"comment_status":"closed","ping_status":"closed","sticky":false,"template":"","format":"standard","meta":{"footnotes":""},"categories":[1],"tags":[],"class_list":["post-15459","post","type-post","status-publish","format-standard","has-post-thumbnail","hentry","category-cronica"],"_links":{"self":[{"href":"https:\/\/www.radiopresidenteibanez.cl\/web\/wp-json\/wp\/v2\/posts\/15459","targetHints":{"allow":["GET"]}}],"collection":[{"href":"https:\/\/www.radiopresidenteibanez.cl\/web\/wp-json\/wp\/v2\/posts"}],"about":[{"href":"https:\/\/www.radiopresidenteibanez.cl\/web\/wp-json\/wp\/v2\/types\/post"}],"author":[{"embeddable":true,"href":"https:\/\/www.radiopresidenteibanez.cl\/web\/wp-json\/wp\/v2\/users\/2"}],"replies":[{"embeddable":true,"href":"https:\/\/www.radiopresidenteibanez.cl\/web\/wp-json\/wp\/v2\/comments?post=15459"}],"version-history":[{"count":0,"href":"https:\/\/www.radiopresidenteibanez.cl\/web\/wp-json\/wp\/v2\/posts\/15459\/revisions"}],"wp:featuredmedia":[{"embeddable":true,"href":"https:\/\/www.radiopresidenteibanez.cl\/web\/wp-json\/wp\/v2\/media\/15208"}],"wp:attachment":[{"href":"https:\/\/www.radiopresidenteibanez.cl\/web\/wp-json\/wp\/v2\/media?parent=15459"}],"wp:term":[{"taxonomy":"category","embeddable":true,"href":"https:\/\/www.radiopresidenteibanez.cl\/web\/wp-json\/wp\/v2\/categories?post=15459"},{"taxonomy":"post_tag","embeddable":true,"href":"https:\/\/www.radiopresidenteibanez.cl\/web\/wp-json\/wp\/v2\/tags?post=15459"}],"curies":[{"name":"wp","href":"https:\/\/api.w.org\/{rel}","templated":true}]}}