{"id":15452,"date":"2020-10-24T21:12:10","date_gmt":"2020-10-24T21:12:10","guid":{"rendered":"https:\/\/www.radiopresidenteibanez.cl\/web\/?p=15452"},"modified":"2020-10-24T21:12:15","modified_gmt":"2020-10-24T21:12:15","slug":"inspeccionan-local-de-votacion-de-puerto-williams-previo-al-plebiscito-nacional-2020","status":"publish","type":"post","link":"https:\/\/www.radiopresidenteibanez.cl\/web\/inspeccionan-local-de-votacion-de-puerto-williams-previo-al-plebiscito-nacional-2020\/","title":{"rendered":"INSPECCIONAN LOCAL DE VOTACI\u00d3N DE PUERTO WILLIAMS PREVIO AL PLEBISCITO NACIONAL 2020"},"content":{"rendered":"\n<p>El gobernador de la Provincia Ant\u00e1rtica Chilena, Nelson\nC\u00e1rcamo, acompa\u00f1ado por autoridades y personal de Fuerzas Armadas, de Orden y\nSeguridad, recorri\u00f3 el Liceo Donald Mc Intyre Griffiths. Analizaron en detalle\nlas medidas sanitarias dispuestas en el marco de la pandemia del coronavirus.\n\u00abNuestra responsabilidad como Gobierno es que este proceso se desarrolle\nen la mejor forma posible dentro de las condiciones de seguridad, tranquilidad\ne informaci\u00f3n para la comunidad\u00bb, manifest\u00f3 la primera autoridad\nprovincial. <\/p>\n\n\n\n<p>Una comitiva de autoridades civiles y de Fuerzas Armadas, de\nOrden y Seguridad, realiz\u00f3 una inspecci\u00f3n a las dependencias del Liceo Donald\nMc Intyre Griffiths de Puerto Williams, \u00fanico establecimiento que ser\u00e1 local de\nvotaci\u00f3n para el Plebiscito Nacional 2020 en dicha ciudad.<\/p>\n\n\n\n<p>El gobernador de la Provincia Ant\u00e1rtica Chilena, Nelson\nC\u00e1rcamo, estuvo acompa\u00f1ado por el comandante del Distrito Naval Beagle y\ncoordinador de la Jefatura de Defensa Nacional (Jedena) de Magallanes, capit\u00e1n\nde nav\u00edo Cristi\u00e1n Y\u00e1\u00f1ez.<\/p>\n\n\n\n<p>Ambos, junto a personal de la Armada de Chile, Carabineros,\nPolic\u00eda de Investigaciones y el Servicio Electoral (Servel), recorrieron los\nlugares destinados para esta actividad que se llevar\u00e1 a cabo ma\u00f1ana domingo 25\nde octubre, resguardando todas las medidas sanitarias en el marco de la pandemia\nde coronavirus.<\/p>\n\n\n\n<p>\u201cNuestra responsabilidad como Gobierno es que este proceso\nse desarrolle en la mejor forma posible dentro de las condiciones de seguridad,\ntranquilidad e informaci\u00f3n para la comunidad. La idea es que nadie se sienta\natemorizado de llegar al lugar, por cuanto se han tomado todas las medidas\npreventivas dentro de lo que es el cord\u00f3n sanitario. El Minsal ha estado\npermanentemente preocupado de cerciorarse de que todas las dependencias que van\na ser utilizadas en el d\u00eda de ma\u00f1ana, cuenten con todos los implementos de\nsanitizaci\u00f3n y prevenci\u00f3n por parte de los electores\u201d, sostuvo el gobernador\nC\u00e1rcamo.<\/p>\n\n\n\n<p>Por su parte, el comandante Y\u00e1\u00f1ez, quien tambi\u00e9n es\ngobernador mar\u00edtimo de Puerto Williams, explic\u00f3 que el principal objetivo de la\nactividad de hoy fue verificar que estuviesen bien implementados los sistemas\nde votaci\u00f3n, conformes a las directrices del Servel y el Ministerio del\nInterior en cuanto a orden p\u00fablico, tanto en el interior del local -funci\u00f3n de\nla que est\u00e1 a cargo Armada-, como en el exterior -Carabineros-.<\/p>\n\n\n\n<p>Asimismo, el jefe de local dispuesto para la ocasi\u00f3n, quien\nes un funcionario naval, debe chequear que todas las se\u00f1al\u00e9ticas y las\ndisposiciones sanitarias por el Covid-19 est\u00e9n bien implementadas.<\/p>\n\n\n\n<p>\u201cParticularmente, en el caso que se presente alg\u00fan paciente\nque est\u00e9 contagiado, hay que seguir un protocolo especial. Y \u00e9se fue uno de los\naspectos esenciales que se cheque\u00f3 hoy d\u00eda\u201d, detall\u00f3, agregando que se observ\u00f3\ntodo bien implementado para la actividad.<\/p>\n\n\n\n<p>El gobernador C\u00e1rcamo remarc\u00f3 que \u201ccreemos de que este\nevento debe ser un \u00e9xito en todo su sentido, proyectando la presencia el d\u00eda de\nma\u00f1ana de todos sus electores. Hacemos una invitaci\u00f3n a nuestros ciudadanos de\nPuerto Williams a que concurran desde tempranas horas de la ma\u00f1ana, para que\nellos puedan sufragar de acuerdo a su opci\u00f3n que ellos puedan tener. Y que lo\nhagan con la tranquilidad, confianza y seguridad, de que est\u00e1n ingresando a un\nsector que est\u00e1 con todas las medidas preventivas para darle la tranquilidad en\nrelaci\u00f3n a cualquier detalle de salud que pudiera percatarse\u201d.<\/p>\n\n\n\n<p>Cabe recordar que ma\u00f1ana domingo 25 de octubre, el\nPlebiscito Nacional dar\u00e1 la posibilidad a cada elector de aprobar o rechazar la\nredacci\u00f3n de una Nueva Constituci\u00f3n, adem\u00e1s del \u00f3rgano que debiera redactarla\nen caso de ganar la opci\u00f3n \u201cApruebo\u201d \u2013\u201cConvenci\u00f3n Mixta Constitucional\u201d o\n\u201cConvenci\u00f3n Constitucional\u201d-.<\/p>\n\n\n\n<p>De acuerdo a informaci\u00f3n proporcionada por Servel, todas las\nmesas receptoras de sufragios funcionar\u00e1n desde las 8:00 a las 20:00 horas en\ntodo el pa\u00eds. En el caso de Puerto Williams, habr\u00e1 dispuestas cinco de \u00e9stas. <\/p>\n\n\n\n<p>La franja horaria entre las 14:00 y 17:00 horas ser\u00e1\nexclusiva para personas de 60 o m\u00e1s a\u00f1os de edad. S\u00f3lo podr\u00e1n votar electores\nde menor edad cuando no existan en fila personas de dicho rango etario\nesperando sufragar.&nbsp;&nbsp;&nbsp;&nbsp;&nbsp;&nbsp;&nbsp;&nbsp;&nbsp;&nbsp;&nbsp; <\/p>\n\n\n\n<p>Debido a la pandemia del Covid-19, se ha determinado una\nserie de medidas preventivas. Entre ellas, por primera vez se deber\u00e1 votar con\nl\u00e1piz pasta azul, objeto que se recomienda a cada elector llevar consigo al\nmomento de ir a votar, al igual que su c\u00e9dula de identidad o pasaporte -los\ncuales pueden estar vencidos hasta 12 meses antes de la votaci\u00f3n-.<\/p>\n\n\n\n<p>Si bien se aconseja llevar un alcohol gel propio, habr\u00e1n\ndisponibles en las mesas receptoras de sufragios. Asimismo, y como ha ocurrido\ndesde el inicio de la pandemia para actividades p\u00fablicas, se conservar\u00e1n las\nmedidas de distanciamiento f\u00edsico y uso obligatorio de mascarilla. S\u00f3lo se\npodr\u00e1 retirar este \u00faltimo objeto durante tres segundos para que los vocales de\nmesa puedan comprobar la identidad del votante.<\/p>\n","protected":false},"excerpt":{"rendered":"<p>El gobernador de la Provincia Ant\u00e1rtica Chilena, Nelson C\u00e1rcamo, acompa\u00f1ado por autoridades y personal de Fuerzas Armadas, de Orden y Seguridad, recorri\u00f3 el Liceo Donald Mc Intyre Griffiths. Analizaron en&#8230; <a class=\"read-more\" href=\"https:\/\/www.radiopresidenteibanez.cl\/web\/inspeccionan-local-de-votacion-de-puerto-williams-previo-al-plebiscito-nacional-2020\/\">Leer m\u00e1s<\/a><\/p>\n","protected":false},"author":2,"featured_media":15453,"comment_status":"closed","ping_status":"closed","sticky":false,"template":"","format":"standard","meta":{"footnotes":""},"categories":[1],"tags":[],"class_list":["post-15452","post","type-post","status-publish","format-standard","has-post-thumbnail","hentry","category-cronica"],"_links":{"self":[{"href":"https:\/\/www.radiopresidenteibanez.cl\/web\/wp-json\/wp\/v2\/posts\/15452","targetHints":{"allow":["GET"]}}],"collection":[{"href":"https:\/\/www.radiopresidenteibanez.cl\/web\/wp-json\/wp\/v2\/posts"}],"about":[{"href":"https:\/\/www.radiopresidenteibanez.cl\/web\/wp-json\/wp\/v2\/types\/post"}],"author":[{"embeddable":true,"href":"https:\/\/www.radiopresidenteibanez.cl\/web\/wp-json\/wp\/v2\/users\/2"}],"replies":[{"embeddable":true,"href":"https:\/\/www.radiopresidenteibanez.cl\/web\/wp-json\/wp\/v2\/comments?post=15452"}],"version-history":[{"count":0,"href":"https:\/\/www.radiopresidenteibanez.cl\/web\/wp-json\/wp\/v2\/posts\/15452\/revisions"}],"wp:featuredmedia":[{"embeddable":true,"href":"https:\/\/www.radiopresidenteibanez.cl\/web\/wp-json\/wp\/v2\/media\/15453"}],"wp:attachment":[{"href":"https:\/\/www.radiopresidenteibanez.cl\/web\/wp-json\/wp\/v2\/media?parent=15452"}],"wp:term":[{"taxonomy":"category","embeddable":true,"href":"https:\/\/www.radiopresidenteibanez.cl\/web\/wp-json\/wp\/v2\/categories?post=15452"},{"taxonomy":"post_tag","embeddable":true,"href":"https:\/\/www.radiopresidenteibanez.cl\/web\/wp-json\/wp\/v2\/tags?post=15452"}],"curies":[{"name":"wp","href":"https:\/\/api.w.org\/{rel}","templated":true}]}}