{"id":15446,"date":"2020-10-24T21:06:20","date_gmt":"2020-10-24T21:06:20","guid":{"rendered":"https:\/\/www.radiopresidenteibanez.cl\/web\/?p=15446"},"modified":"2020-10-24T21:06:25","modified_gmt":"2020-10-24T21:06:25","slug":"autoridades-visitaron-local-de-votacion-e-invitaron-a-participar-del-proceso-este-domingo-25-de-octubre","status":"publish","type":"post","link":"https:\/\/www.radiopresidenteibanez.cl\/web\/autoridades-visitaron-local-de-votacion-e-invitaron-a-participar-del-proceso-este-domingo-25-de-octubre\/","title":{"rendered":"AUTORIDADES VISITARON LOCAL DE VOTACI\u00d3N E INVITARON A PARTICIPAR DEL PROCESO ESTE DOMINGO 25 DE OCTUBRE"},"content":{"rendered":"\n<p>El Alcalde Claudio Radonich, lleg\u00f3 hasta la escuela La Milagrosa, junto a la intendenta regional, Jennifer Rojas, el jefe de plaza, General Rodrigo Ventura, y el seremi de Salud, Eduardo Castillo, para reiterar las medidas sanitarias y de seguridad que se han tomado para el proceso electoral que se vivir\u00e1 el pr\u00f3ximo domingo 25 de octubre, espec\u00edficamente en Magallanes.<\/p>\n\n\n\n<p>Frente a eso, el llamado fue a participar del proceso electoral de manera tranquila y ordenada, adem\u00e1s de considerar las nuevas medidas sanitarias que se han adoptado. \u201cQueremos recordar las medidas que se han implementado, reiterando que durante todo el proceso las personas deben permanecer con mascarilla. Tambi\u00e9n hemos pedido a las personas que lleven su propio l\u00e1piz de pasta azul, y de preferencia su propio alcohol gel\u201d, explic\u00f3 el secretario de Salud, Eduardo Castillo.<\/p>\n\n\n\n<p>A esto, Castillo agreg\u00f3 que \u201cal momento de llegar al lugar deben mantener la distancia de un metro, portar y mostrar la c\u00e9dula de identidad sin entregarla, y luego al momento de recibir el voto, marcarlo con su l\u00e1piz, doblarlo, sellarlo, y luego mostr\u00e1rselo al presidente de la mesa para cortar el sello y finalmente, depositarlo en la urna\u201d.<\/p>\n\n\n\n<p>Por su parte, la intendenta Jennifer Rojas, hizo un llamado a las personas, a ir a los locales de votaci\u00f3n con calma y seguridad, ya que se han dispuesto todas las medidas necesarias para que el proceso se desarrolle de buena manera.<\/p>\n\n\n\n<p>\u201cEl llamado que hacemos como Gobierno es que la mayor cantidad de personas puedan ser parte de este importante proceso para el pa\u00eds, por eso hemos verificado las condiciones que tenemos hoy en los locales de votaci\u00f3n, y como ustedes ven, est\u00e1n todas las medidas necesarias para que las personas puedan votar de manera segura\u201d, dijo Rojas.<\/p>\n\n\n\n<p>Asimismo, el jefe comunal, Claudio Radonich recalc\u00f3 que \u201cse han tomado todos los resguardos para dar las garant\u00edas de que el proceso se desarrolle con seguridad sanitaria, para lo cual como Municipalidad hemos invertido m\u00e1s de 50 millones de pesos\u201d.<\/p>\n\n\n\n<p>De igual manera, hizo hincapi\u00e9 en la revisi\u00f3n previa de los lugares de votaci\u00f3n que le corresponde a cada persona, ya que seg\u00fan detall\u00f3 \u201choy tenemos m\u00e1s locales de votaci\u00f3n, &nbsp;por ejemplo en mi caso, yo votaba en la escuela Prat y ahora voto ac\u00e1 (La Milagrosa), algo que ha pasado con varias personas\u201d.<\/p>\n\n\n\n<p>Radonich a\u00f1adi\u00f3 adem\u00e1s que \u201ctenemos 8 locales nuevos de votaci\u00f3n, con alcohol gel, espacios predeterminados, distancia social, uso de mascarilla, y adem\u00e1s con el apoyo de la seremi de salud pudimos concretar los ex\u00e1menes PCR para los vocales\u201d.<\/p>\n\n\n\n<p>El llamado a que las personas puedan ir a votar con calma, puesto que ning\u00fan colegio tendr\u00e1 m\u00e1s de 15 mesas, as\u00ed &nbsp;que destacaron que est\u00e1 todo preparado.<\/p>\n\n\n\n<p>Finalmente, el general Rodrigo Ventura, argument\u00f3 que \u201chemos trabajado hace varias semanas en la constituci\u00f3n de los locales, y hoy a las 9 de la ma\u00f1ana los militares tomamos ubicaci\u00f3n en los colegios para afinar los detalles con los delegados correspondientes\u201d.<\/p>\n\n\n\n<p>De acuerdo al padr\u00f3n electoral de Magallanes, un total de 159 mil personas pueden participar de este proceso electoral, en las 505 mesas a nivel regional y los 48 locales de votaci\u00f3n desplegadas en todo Magallanes y Ant\u00e1rtica Chilena.<\/p>\n","protected":false},"excerpt":{"rendered":"<p>El Alcalde Claudio Radonich, lleg\u00f3 hasta la escuela La Milagrosa, junto a la intendenta regional, Jennifer Rojas, el jefe de plaza, General Rodrigo Ventura, y el seremi de Salud, Eduardo&#8230; <a class=\"read-more\" href=\"https:\/\/www.radiopresidenteibanez.cl\/web\/autoridades-visitaron-local-de-votacion-e-invitaron-a-participar-del-proceso-este-domingo-25-de-octubre\/\">Leer m\u00e1s<\/a><\/p>\n","protected":false},"author":2,"featured_media":15447,"comment_status":"closed","ping_status":"closed","sticky":false,"template":"","format":"standard","meta":{"footnotes":""},"categories":[1],"tags":[],"class_list":["post-15446","post","type-post","status-publish","format-standard","has-post-thumbnail","hentry","category-cronica"],"_links":{"self":[{"href":"https:\/\/www.radiopresidenteibanez.cl\/web\/wp-json\/wp\/v2\/posts\/15446","targetHints":{"allow":["GET"]}}],"collection":[{"href":"https:\/\/www.radiopresidenteibanez.cl\/web\/wp-json\/wp\/v2\/posts"}],"about":[{"href":"https:\/\/www.radiopresidenteibanez.cl\/web\/wp-json\/wp\/v2\/types\/post"}],"author":[{"embeddable":true,"href":"https:\/\/www.radiopresidenteibanez.cl\/web\/wp-json\/wp\/v2\/users\/2"}],"replies":[{"embeddable":true,"href":"https:\/\/www.radiopresidenteibanez.cl\/web\/wp-json\/wp\/v2\/comments?post=15446"}],"version-history":[{"count":0,"href":"https:\/\/www.radiopresidenteibanez.cl\/web\/wp-json\/wp\/v2\/posts\/15446\/revisions"}],"wp:featuredmedia":[{"embeddable":true,"href":"https:\/\/www.radiopresidenteibanez.cl\/web\/wp-json\/wp\/v2\/media\/15447"}],"wp:attachment":[{"href":"https:\/\/www.radiopresidenteibanez.cl\/web\/wp-json\/wp\/v2\/media?parent=15446"}],"wp:term":[{"taxonomy":"category","embeddable":true,"href":"https:\/\/www.radiopresidenteibanez.cl\/web\/wp-json\/wp\/v2\/categories?post=15446"},{"taxonomy":"post_tag","embeddable":true,"href":"https:\/\/www.radiopresidenteibanez.cl\/web\/wp-json\/wp\/v2\/tags?post=15446"}],"curies":[{"name":"wp","href":"https:\/\/api.w.org\/{rel}","templated":true}]}}