{"id":15441,"date":"2020-10-24T20:59:38","date_gmt":"2020-10-24T20:59:38","guid":{"rendered":"https:\/\/www.radiopresidenteibanez.cl\/web\/?p=15441"},"modified":"2020-10-24T20:59:43","modified_gmt":"2020-10-24T20:59:43","slug":"sujetos-fueron-condenados-por-drogar-violar-y-abusar-sexualmente-de-menores-de-edad","status":"publish","type":"post","link":"https:\/\/www.radiopresidenteibanez.cl\/web\/sujetos-fueron-condenados-por-drogar-violar-y-abusar-sexualmente-de-menores-de-edad\/","title":{"rendered":"SUJETOS FUERON CONDENADOS POR DROGAR VIOLAR Y ABUSAR SEXUALMENTE DE MENORES DE EDAD"},"content":{"rendered":"\n<p>Como\nautores del delito consumado de&nbsp;\nviolaci\u00f3n impropia y abuso\nsexual, hoy, fueron condenados en juicio oral, Luis Alejandro Sep\u00falveda\nMart\u00ednez y Camilo Hern\u00e1n Vargas\nGam\u00edn, respectivamente. Asimismo, ambos deber\u00e1n cumplir penas por su\nresponsabilidad &nbsp;en la comisi\u00f3n del delito de microtr\u00e1fico.<\/p>\n\n\n\n<p>Durante la audiencia, el Fiscal Jefe de Punta\nArenas, Fernando Dobson, prob\u00f3 que el 24 de junio del a\u00f1o pasado, dos menores de 13 y 14\na\u00f1os de edad abordaron el veh\u00edculo del Sep\u00falveda Mart\u00ednez, quien iba acompa\u00f1ado\nde Vargas Gam\u00edn, dirigi\u00e9ndose todos al domicilio de este \u00faltimo, lugar donde les\nsuministraron alcohol y coca\u00edna a\nlas menores de edad para luego agredirlas sexualmente.<\/p>\n\n\n\n<p>&nbsp;La audiencia\nde comunicaci\u00f3n de fallo se efectuar\u00e1 el&nbsp;\nmi\u00e9rcoles 28 de octubre, a las 13:00 horas.&nbsp; <\/p>\n","protected":false},"excerpt":{"rendered":"<p>Como autores del delito consumado de&nbsp; violaci\u00f3n impropia y abuso sexual, hoy, fueron condenados en juicio oral, Luis Alejandro Sep\u00falveda Mart\u00ednez y Camilo Hern\u00e1n Vargas Gam\u00edn, respectivamente. Asimismo, ambos deber\u00e1n&#8230; <a class=\"read-more\" href=\"https:\/\/www.radiopresidenteibanez.cl\/web\/sujetos-fueron-condenados-por-drogar-violar-y-abusar-sexualmente-de-menores-de-edad\/\">Leer m\u00e1s<\/a><\/p>\n","protected":false},"author":2,"featured_media":740,"comment_status":"closed","ping_status":"closed","sticky":false,"template":"","format":"standard","meta":{"footnotes":""},"categories":[1],"tags":[],"class_list":["post-15441","post","type-post","status-publish","format-standard","has-post-thumbnail","hentry","category-cronica"],"_links":{"self":[{"href":"https:\/\/www.radiopresidenteibanez.cl\/web\/wp-json\/wp\/v2\/posts\/15441","targetHints":{"allow":["GET"]}}],"collection":[{"href":"https:\/\/www.radiopresidenteibanez.cl\/web\/wp-json\/wp\/v2\/posts"}],"about":[{"href":"https:\/\/www.radiopresidenteibanez.cl\/web\/wp-json\/wp\/v2\/types\/post"}],"author":[{"embeddable":true,"href":"https:\/\/www.radiopresidenteibanez.cl\/web\/wp-json\/wp\/v2\/users\/2"}],"replies":[{"embeddable":true,"href":"https:\/\/www.radiopresidenteibanez.cl\/web\/wp-json\/wp\/v2\/comments?post=15441"}],"version-history":[{"count":0,"href":"https:\/\/www.radiopresidenteibanez.cl\/web\/wp-json\/wp\/v2\/posts\/15441\/revisions"}],"wp:featuredmedia":[{"embeddable":true,"href":"https:\/\/www.radiopresidenteibanez.cl\/web\/wp-json\/wp\/v2\/media\/740"}],"wp:attachment":[{"href":"https:\/\/www.radiopresidenteibanez.cl\/web\/wp-json\/wp\/v2\/media?parent=15441"}],"wp:term":[{"taxonomy":"category","embeddable":true,"href":"https:\/\/www.radiopresidenteibanez.cl\/web\/wp-json\/wp\/v2\/categories?post=15441"},{"taxonomy":"post_tag","embeddable":true,"href":"https:\/\/www.radiopresidenteibanez.cl\/web\/wp-json\/wp\/v2\/tags?post=15441"}],"curies":[{"name":"wp","href":"https:\/\/api.w.org\/{rel}","templated":true}]}}