{"id":1544,"date":"2019-02-24T19:03:28","date_gmt":"2019-02-24T19:03:28","guid":{"rendered":"http:\/\/www.radiopresidenteibanez.cl\/web\/?p=1544"},"modified":"2019-02-24T19:04:17","modified_gmt":"2019-02-24T19:04:17","slug":"autoridades-locales-dan-el-vamos-al-programa-aula-movil","status":"publish","type":"post","link":"https:\/\/www.radiopresidenteibanez.cl\/web\/autoridades-locales-dan-el-vamos-al-programa-aula-movil\/","title":{"rendered":"AUTORIDADES LOCALES DAN EL VAMOS AL PROGRAMA \u201cAULA M\u00d3VIL\u201d"},"content":{"rendered":"\n<p>El Alcalde de Natales y Punta Arenas, Seremi de Cultura y la Gobernadora de la Provincia dieron la bienvenida al programa del Servicio Nacional de Capacitaci\u00f3n y Empleo (SENCE), el cual mediante un Aula M\u00f3vil entregar\u00e1 conocimientos sobre el uso de un computador y sus funciones. <\/p>\n\n\n\n<p>El programa\nest\u00e1 siendo ejecutado por profesores del Instituto de Formaci\u00f3n Laboral\nMADICAP, apoyado por el municipio y la gobernaci\u00f3n. Los cursos se est\u00e1n\ndesarrollando frente a la Parroquia Mar\u00eda Auxiliadora de Puerto Natales en un\ncontenedor acondicionado para la ejecuci\u00f3n de las clases con notebooks,\nimpresoras, proyectores, cuadernos y manuales.<\/p>\n\n\n\n<p>&nbsp;El Alcalde de la comuna, Fernando Paredes\nMansilla, agradeci\u00f3 &nbsp;a la Gobernadora, ya\nque gracias a ella pudieron traer esta iniciativa de gobierno que est\u00e1\nbeneficiando a cientos de habitantes Natalinos, agregando que \u201ccapacitar a m\u00e1s\nde cien personas en lo que hoy d\u00eda es la tecnolog\u00eda de punta, m\u00e1s el\nconocimiento que tiene que tener mucha gente en torno al internet y el tema computacional,\nes algo que siempre es necesario y si esto se hace a trav\u00e9s de la municipalidad\ncon un convenio, lo hacemos muy contento y orgullosos\u201d.<\/p>\n\n\n\n<p>En la misma\nl\u00ednea, la Gobernadora de la Provincia de \u00daltima Esperanza, Ana Mayorga\nBahamonde, se\u00f1al\u00f3 que \u201cexploramos todos los convenios, SENCE, municipio a\ntrav\u00e9s de su OMIL&nbsp; y a trav\u00e9s de generar\neste espacio en plaza de armas, tambi\u00e9n Claro quien est\u00e1 colocando todo lo que es\nel internet m\u00f3vil para esta Aula M\u00f3vil digital que se ha instalado aqu\u00ed en\nPuerto Natales. Teniendo como fin entregar todas las herramientas para que las\npersonas de 18 a 65 a\u00f1os, con un rango del 80% de vulnerabilidad en su registro\nsocial de hogares\u201d, subrayando que con esto est\u00e1n cumpliendo 100% el objetivo\nque nos ha pedido el presidente Sebasti\u00e1n Pi\u00f1era en cuanto a la capacitaci\u00f3n\ndigital. <\/p>\n\n\n\n<p>Por su parte,\nla Seremi de Cultura de Magallanes, Katherine Ibacache, felicit\u00f3 a las\nautoridades locales por lograr traer este curso hasta Puerto Natales, destacando\nque \u201cla alfabetizaci\u00f3n digital es una herramienta del futuro y creo que la\ncomunidad que est\u00e1 presente de j\u00f3venes, mujeres y&nbsp; hombres van a estar muy agradecidos por esta\ngran iniciativa que se est\u00e1 llevando a cabo\u201d, a\u00f1adiendo que con esto se llega\ncon cosas concretas para la comunidad.<\/p>\n\n\n\n<p>El curso se\nest\u00e1 desarrollando desde el 22 de febrero al 25 de febrero con su capacidad\ncompleta, terminando la ronda de capacitaciones en Natales, el Aula M\u00f3vil\ncontinuar\u00e1 su viaje en otros puntos del pa\u00eds, en donde se beneficiar\u00e1n otros\ncompatriotas de este programa del Servicio Nacional de Capacitaci\u00f3n y Empleo\n(SENCE). <\/p>\n","protected":false},"excerpt":{"rendered":"<p>El Alcalde de Natales y Punta Arenas, Seremi de Cultura y la Gobernadora de la Provincia dieron la bienvenida al programa del Servicio Nacional de Capacitaci\u00f3n y Empleo (SENCE), el&#8230; <a class=\"read-more\" href=\"https:\/\/www.radiopresidenteibanez.cl\/web\/autoridades-locales-dan-el-vamos-al-programa-aula-movil\/\">Leer m\u00e1s<\/a><\/p>\n","protected":false},"author":2,"featured_media":1545,"comment_status":"closed","ping_status":"closed","sticky":false,"template":"","format":"standard","meta":{"footnotes":""},"categories":[1],"tags":[],"class_list":["post-1544","post","type-post","status-publish","format-standard","has-post-thumbnail","hentry","category-cronica"],"_links":{"self":[{"href":"https:\/\/www.radiopresidenteibanez.cl\/web\/wp-json\/wp\/v2\/posts\/1544","targetHints":{"allow":["GET"]}}],"collection":[{"href":"https:\/\/www.radiopresidenteibanez.cl\/web\/wp-json\/wp\/v2\/posts"}],"about":[{"href":"https:\/\/www.radiopresidenteibanez.cl\/web\/wp-json\/wp\/v2\/types\/post"}],"author":[{"embeddable":true,"href":"https:\/\/www.radiopresidenteibanez.cl\/web\/wp-json\/wp\/v2\/users\/2"}],"replies":[{"embeddable":true,"href":"https:\/\/www.radiopresidenteibanez.cl\/web\/wp-json\/wp\/v2\/comments?post=1544"}],"version-history":[{"count":0,"href":"https:\/\/www.radiopresidenteibanez.cl\/web\/wp-json\/wp\/v2\/posts\/1544\/revisions"}],"wp:featuredmedia":[{"embeddable":true,"href":"https:\/\/www.radiopresidenteibanez.cl\/web\/wp-json\/wp\/v2\/media\/1545"}],"wp:attachment":[{"href":"https:\/\/www.radiopresidenteibanez.cl\/web\/wp-json\/wp\/v2\/media?parent=1544"}],"wp:term":[{"taxonomy":"category","embeddable":true,"href":"https:\/\/www.radiopresidenteibanez.cl\/web\/wp-json\/wp\/v2\/categories?post=1544"},{"taxonomy":"post_tag","embeddable":true,"href":"https:\/\/www.radiopresidenteibanez.cl\/web\/wp-json\/wp\/v2\/tags?post=1544"}],"curies":[{"name":"wp","href":"https:\/\/api.w.org\/{rel}","templated":true}]}}