{"id":15436,"date":"2020-10-24T20:52:10","date_gmt":"2020-10-24T20:52:10","guid":{"rendered":"https:\/\/www.radiopresidenteibanez.cl\/web\/?p=15436"},"modified":"2020-10-24T20:52:15","modified_gmt":"2020-10-24T20:52:15","slug":"colombianos-fueron-condenados-por-violar-a-coterranea","status":"publish","type":"post","link":"https:\/\/www.radiopresidenteibanez.cl\/web\/colombianos-fueron-condenados-por-violar-a-coterranea\/","title":{"rendered":"COLOMBIANOS FUERON CONDENADOS POR VIOLAR A COTERR\u00c1NEA"},"content":{"rendered":"\n<p>Jhon Daniel Perea Garcia y Jhan Dyckson Gonz\u00e1lez\nMart\u00ednezfueron condenados, hoy,en calidad de autores del delito\nconsumado de violaci\u00f3n. <\/p>\n\n\n\n<p>En el veredicto, los magistrados absolvieron adem\u00e1s por\nel mismo delito pero en calidad de c\u00f3mplice, aAndr\u00e9s Yancy Delgado. <\/p>\n\n\n\n<p>Durante el juicio, el Fiscal\nJefe de Punta Arenas y especialista en la investigaci\u00f3n de delitos sexuales,\nFernando Dobson, prob\u00f3 que el hecho se perpetr\u00f3 el 10 de agosto del a\u00f1o pasado, cerca de las 15:00\nhoras, al interior del domicilio ubicado en Punta Arenas, cuando la v\u00edctima fue\nagredida por los acusados, quienes la inmovilizaron y se aprovecharon su\nprivaci\u00f3n de sentido e incapacidad para oponerse.<\/p>\n\n\n\n<p>La Fiscal\u00eda solicita para ambos condenados la\npena de &nbsp;10 a\u00f1os de\npresidio, costas de la causa y &nbsp;su\nincorporaci\u00f3n en el registro de condenado. <\/p>\n","protected":false},"excerpt":{"rendered":"<p>Jhon Daniel Perea Garcia y Jhan Dyckson Gonz\u00e1lez Mart\u00ednezfueron condenados, hoy,en calidad de autores del delito consumado de violaci\u00f3n. En el veredicto, los magistrados absolvieron adem\u00e1s por el mismo delito&#8230; <a class=\"read-more\" href=\"https:\/\/www.radiopresidenteibanez.cl\/web\/colombianos-fueron-condenados-por-violar-a-coterranea\/\">Leer m\u00e1s<\/a><\/p>\n","protected":false},"author":2,"featured_media":740,"comment_status":"closed","ping_status":"closed","sticky":false,"template":"","format":"standard","meta":{"footnotes":""},"categories":[1],"tags":[],"class_list":["post-15436","post","type-post","status-publish","format-standard","has-post-thumbnail","hentry","category-cronica"],"_links":{"self":[{"href":"https:\/\/www.radiopresidenteibanez.cl\/web\/wp-json\/wp\/v2\/posts\/15436","targetHints":{"allow":["GET"]}}],"collection":[{"href":"https:\/\/www.radiopresidenteibanez.cl\/web\/wp-json\/wp\/v2\/posts"}],"about":[{"href":"https:\/\/www.radiopresidenteibanez.cl\/web\/wp-json\/wp\/v2\/types\/post"}],"author":[{"embeddable":true,"href":"https:\/\/www.radiopresidenteibanez.cl\/web\/wp-json\/wp\/v2\/users\/2"}],"replies":[{"embeddable":true,"href":"https:\/\/www.radiopresidenteibanez.cl\/web\/wp-json\/wp\/v2\/comments?post=15436"}],"version-history":[{"count":0,"href":"https:\/\/www.radiopresidenteibanez.cl\/web\/wp-json\/wp\/v2\/posts\/15436\/revisions"}],"wp:featuredmedia":[{"embeddable":true,"href":"https:\/\/www.radiopresidenteibanez.cl\/web\/wp-json\/wp\/v2\/media\/740"}],"wp:attachment":[{"href":"https:\/\/www.radiopresidenteibanez.cl\/web\/wp-json\/wp\/v2\/media?parent=15436"}],"wp:term":[{"taxonomy":"category","embeddable":true,"href":"https:\/\/www.radiopresidenteibanez.cl\/web\/wp-json\/wp\/v2\/categories?post=15436"},{"taxonomy":"post_tag","embeddable":true,"href":"https:\/\/www.radiopresidenteibanez.cl\/web\/wp-json\/wp\/v2\/tags?post=15436"}],"curies":[{"name":"wp","href":"https:\/\/api.w.org\/{rel}","templated":true}]}}