{"id":15433,"date":"2020-10-24T20:26:17","date_gmt":"2020-10-24T20:26:17","guid":{"rendered":"https:\/\/www.radiopresidenteibanez.cl\/web\/?p=15433"},"modified":"2020-10-24T20:26:22","modified_gmt":"2020-10-24T20:26:22","slug":"invitan-a-emprendedores-a-postular-al-cyberfosis-navidad","status":"publish","type":"post","link":"https:\/\/www.radiopresidenteibanez.cl\/web\/invitan-a-emprendedores-a-postular-al-cyberfosis-navidad\/","title":{"rendered":"INVITAN A EMPRENDEDORES A POSTULAR AL CYBERFOSIS NAVIDAD"},"content":{"rendered":"\n<p>Comercializar\nproductos y servicios ha sido todo un desaf\u00edo para los peque\u00f1os emprendedores\ndel pa\u00eds en tiempos de pandemia. Por ello, el Fondo de Solidaridad e Inversi\u00f3n\nSocial, FOSIS, servicio relacionado al Ministerio de Desarrrollo Social y\nFamilia, est\u00e1 impulsando una nueva iniciativa digital para dar visibilidad a\nm\u00e1s de 700 emprendedores del pa\u00eds, a trav\u00e9s de una ventana digital que estar\u00e1\ndisponible a partir del 3 de diciembre.<\/p>\n\n\n\n<p>Seg\u00fan explic\u00f3 el\ndirector regional del FOSIS, Hern\u00e1n Soto, \u201clas dos experiencias en vitrinas\ndigitales que hemos tenido este a\u00f1o han sido un \u00e9xito para muchos emprendedores\nque han podido ir reactivando sus negocios, a pesar del contexto sanitario. Por\nello, estamos seguros que esta nueva instancia ser\u00e1 muy beneficiosa para\nterminar este complejo a\u00f1o, por lo que invitamos a los emprendedores que han\nparticipado en programas del FOSIS a postular\u201d.<\/p>\n\n\n\n<p>Para participar\nen el CyberFOSIS Navidad, los emprendedores apoyados por el FOSIS entre los a\u00f1os 2013 y 2020,\ndeber\u00e1n postular a trav\u00e9s de la p\u00e1gina web <a href=\"http:\/\/www.fosis.gob.cl\/\">www.fosis.gob.cl <\/a>hasta el 2 de noviembre (al mediod\u00eda). Los interesados\ndeben tener un negocio en funcionamiento,\ntener Facebook o Instagram del negocio activo\ny estar dentro del 60% m\u00e1s vulnerable seg\u00fan el Registro Social de Hogares.<\/p>\n\n\n\n<p>\u201cQuiero hacer una invitaci\u00f3n a todos quienes hayan sido\napoyados por un programa de emprendimiento del FOSIS, durante los a\u00f1os 2013 y\n2020, a que postulen a esta vitrina online que estamos organizando para que los\nemprendedores regionales puedan promocionar sus productos y servicios de forma\nprevia a la Navidad. Sabemos que la pandemia ha afectado a la econom\u00eda, por eso\nconfiamos en que esta plataforma pueda convertirse en una ayuda para potenciar\nel comercio de Magallanes\u201d, manifest\u00f3 la Secretaria Regional Ministerial de\nDesarrollo Social y Familia, Liz Casanueva.<\/p>\n\n\n\n<p>Los rubros que\npueden postular a la iniciativa son: artesan\u00eda y manualidades, accesorios y\nregalos, mundo infantil, belleza y salud, comida, servicios, hogar y vestuario\ny calzado.<\/p>\n","protected":false},"excerpt":{"rendered":"<p>Comercializar productos y servicios ha sido todo un desaf\u00edo para los peque\u00f1os emprendedores del pa\u00eds en tiempos de pandemia. Por ello, el Fondo de Solidaridad e Inversi\u00f3n Social, FOSIS, servicio&#8230; <a class=\"read-more\" href=\"https:\/\/www.radiopresidenteibanez.cl\/web\/invitan-a-emprendedores-a-postular-al-cyberfosis-navidad\/\">Leer m\u00e1s<\/a><\/p>\n","protected":false},"author":2,"featured_media":15434,"comment_status":"closed","ping_status":"closed","sticky":false,"template":"","format":"standard","meta":{"footnotes":""},"categories":[1],"tags":[],"class_list":["post-15433","post","type-post","status-publish","format-standard","has-post-thumbnail","hentry","category-cronica"],"_links":{"self":[{"href":"https:\/\/www.radiopresidenteibanez.cl\/web\/wp-json\/wp\/v2\/posts\/15433","targetHints":{"allow":["GET"]}}],"collection":[{"href":"https:\/\/www.radiopresidenteibanez.cl\/web\/wp-json\/wp\/v2\/posts"}],"about":[{"href":"https:\/\/www.radiopresidenteibanez.cl\/web\/wp-json\/wp\/v2\/types\/post"}],"author":[{"embeddable":true,"href":"https:\/\/www.radiopresidenteibanez.cl\/web\/wp-json\/wp\/v2\/users\/2"}],"replies":[{"embeddable":true,"href":"https:\/\/www.radiopresidenteibanez.cl\/web\/wp-json\/wp\/v2\/comments?post=15433"}],"version-history":[{"count":0,"href":"https:\/\/www.radiopresidenteibanez.cl\/web\/wp-json\/wp\/v2\/posts\/15433\/revisions"}],"wp:featuredmedia":[{"embeddable":true,"href":"https:\/\/www.radiopresidenteibanez.cl\/web\/wp-json\/wp\/v2\/media\/15434"}],"wp:attachment":[{"href":"https:\/\/www.radiopresidenteibanez.cl\/web\/wp-json\/wp\/v2\/media?parent=15433"}],"wp:term":[{"taxonomy":"category","embeddable":true,"href":"https:\/\/www.radiopresidenteibanez.cl\/web\/wp-json\/wp\/v2\/categories?post=15433"},{"taxonomy":"post_tag","embeddable":true,"href":"https:\/\/www.radiopresidenteibanez.cl\/web\/wp-json\/wp\/v2\/tags?post=15433"}],"curies":[{"name":"wp","href":"https:\/\/api.w.org\/{rel}","templated":true}]}}