{"id":15427,"date":"2020-10-23T16:13:27","date_gmt":"2020-10-23T16:13:27","guid":{"rendered":"https:\/\/www.radiopresidenteibanez.cl\/web\/?p=15427"},"modified":"2020-10-23T16:13:32","modified_gmt":"2020-10-23T16:13:32","slug":"profesionales-de-enap-difunden-sus-conocimientos-sobre-procesos-exploratorios-y-productivos-de-hidrocarburos-en-magallanes","status":"publish","type":"post","link":"https:\/\/www.radiopresidenteibanez.cl\/web\/profesionales-de-enap-difunden-sus-conocimientos-sobre-procesos-exploratorios-y-productivos-de-hidrocarburos-en-magallanes\/","title":{"rendered":"PROFESIONALES DE ENAP DIFUNDEN SUS CONOCIMIENTOS SOBRE PROCESOS EXPLORATORIOS Y PRODUCTIVOS DE HIDROCARBUROS EN MAGALLANES"},"content":{"rendered":"\n<p><strong>.-<\/strong><em> <\/em>En el marco\ndel desaf\u00edo permanente de compartir con la comunidad el trabajo que se realiza\nen la extracci\u00f3n de los hidrocarburos, ENAP est\u00e1 desarrollando diversos\ntalleres online sobre su participaci\u00f3n en los Contratos Especiales de Operaci\u00f3n\nPetrolera (Ceops).<\/p>\n\n\n\n<p>En septiembre fue el turno del Ceop relacionado con los\nBloques Dorado-Riquelme y Coir\u00f3n, a\u00f1os 2019 y 2020, oportunidad en la que se\nexpuso sobre \u201cExploraci\u00f3n, Perforaci\u00f3n y Ejecuci\u00f3n de Pozos\u201d. Cada uno de los temas\nfue presentado por los encargados de los procesos y cont\u00f3 con la participaci\u00f3n\nde distintos actores de la comunidad, autoridades, alumnos de universidad y\nempresas relacionadas a los hidrocarburos. Los profesionales de ENAP que\nparticiparon fueron principalmente del \u00e1mbito de la Geolog\u00eda e Ingenier\u00eda: Alvaro\nP\u00e9rez, Pablo Mella, Angel Gonz\u00e1lez, Guillermo Oliver y Manuel Olivares.<\/p>\n\n\n\n<p>\u201cPara ENAP es relevante concretar esta transferencia\ntecnol\u00f3gica y de conocimientos, a\u00fan en un contexto tan distinto debido a la\npandemia. M\u00e1s all\u00e1 de cumplir con una cl\u00e1usula establecida en los Ceop\u2019s, como\nempresa buscamos generar estas instancias donde podamos contar con quienes son\nparte de nuestra industria y mostrar la forma en que desarrollamos nuestras\noperaciones\u201d, destac\u00f3 el gerente de ENAP Magallanes, Rodrigo Bustamante.<\/p>\n\n\n\n<p>Como complemento a lo realizado en septiembre, la empresa\ntiene programada para los d\u00edas 27, 28 y 29 de octubre la transferencia tecnol\u00f3gica\ncorrespondiente a los Bloques Br\u00f3tula y Caupolic\u00e1n, oportunidad en la que\ntambi\u00e9n expondr\u00e1n profesionales de ENAP. <\/p>\n\n\n\n<p>La jornada, que lleva por nombre \u201cConceptos y Principios\nB\u00e1sicos de Reservorio de Hidrocarburos-Producci\u00f3n en Yacimientos No\nConvencionales\u201d, abordar\u00e1 temas relacionados con los estudios productivos del\npozo, el esquema general de los procesos productivos y la infraestructura de\ntransporte. Los expositores ser\u00e1n: Carlos Garay, Martin Verdugo, Pedro\nFernandez W. Marco Ljubetic, Luis Villegas y Andr\u00e9s Ferrera.<\/p>\n","protected":false},"excerpt":{"rendered":"<p>.- En el marco del desaf\u00edo permanente de compartir con la comunidad el trabajo que se realiza en la extracci\u00f3n de los hidrocarburos, ENAP est\u00e1 desarrollando diversos talleres online sobre&#8230; <a class=\"read-more\" href=\"https:\/\/www.radiopresidenteibanez.cl\/web\/profesionales-de-enap-difunden-sus-conocimientos-sobre-procesos-exploratorios-y-productivos-de-hidrocarburos-en-magallanes\/\">Leer m\u00e1s<\/a><\/p>\n","protected":false},"author":2,"featured_media":15428,"comment_status":"closed","ping_status":"closed","sticky":false,"template":"","format":"standard","meta":{"footnotes":""},"categories":[1],"tags":[],"class_list":["post-15427","post","type-post","status-publish","format-standard","has-post-thumbnail","hentry","category-cronica"],"_links":{"self":[{"href":"https:\/\/www.radiopresidenteibanez.cl\/web\/wp-json\/wp\/v2\/posts\/15427","targetHints":{"allow":["GET"]}}],"collection":[{"href":"https:\/\/www.radiopresidenteibanez.cl\/web\/wp-json\/wp\/v2\/posts"}],"about":[{"href":"https:\/\/www.radiopresidenteibanez.cl\/web\/wp-json\/wp\/v2\/types\/post"}],"author":[{"embeddable":true,"href":"https:\/\/www.radiopresidenteibanez.cl\/web\/wp-json\/wp\/v2\/users\/2"}],"replies":[{"embeddable":true,"href":"https:\/\/www.radiopresidenteibanez.cl\/web\/wp-json\/wp\/v2\/comments?post=15427"}],"version-history":[{"count":0,"href":"https:\/\/www.radiopresidenteibanez.cl\/web\/wp-json\/wp\/v2\/posts\/15427\/revisions"}],"wp:featuredmedia":[{"embeddable":true,"href":"https:\/\/www.radiopresidenteibanez.cl\/web\/wp-json\/wp\/v2\/media\/15428"}],"wp:attachment":[{"href":"https:\/\/www.radiopresidenteibanez.cl\/web\/wp-json\/wp\/v2\/media?parent=15427"}],"wp:term":[{"taxonomy":"category","embeddable":true,"href":"https:\/\/www.radiopresidenteibanez.cl\/web\/wp-json\/wp\/v2\/categories?post=15427"},{"taxonomy":"post_tag","embeddable":true,"href":"https:\/\/www.radiopresidenteibanez.cl\/web\/wp-json\/wp\/v2\/tags?post=15427"}],"curies":[{"name":"wp","href":"https:\/\/api.w.org\/{rel}","templated":true}]}}