{"id":15419,"date":"2020-10-23T15:21:54","date_gmt":"2020-10-23T15:21:54","guid":{"rendered":"https:\/\/www.radiopresidenteibanez.cl\/web\/?p=15419"},"modified":"2020-10-23T15:21:58","modified_gmt":"2020-10-23T15:21:58","slug":"autoridades-hacen-llamado-a-personas-con-discapacidad-hacer-uso-del-voto-asistido-en-el-plebiscito","status":"publish","type":"post","link":"https:\/\/www.radiopresidenteibanez.cl\/web\/autoridades-hacen-llamado-a-personas-con-discapacidad-hacer-uso-del-voto-asistido-en-el-plebiscito\/","title":{"rendered":"AUTORIDADES HACEN LLAMADO A PERSONAS CON DISCAPACIDAD HACER USO DEL VOTO ASISTIDO EN EL PLEBISCITO"},"content":{"rendered":"\n<p>Hasta el Liceo Carmela Carvajal de la comuna de Providencia llegaron este jueves la ministra de Desarrollo Social y Familia, Karla Rubilar, el director nacional (s) de SENADIS, Francisco Subercaseaux, la alcaldesa Evelyn Matthei, y la seremi de Salud, Paula Labra, para dar a conocer una serie de medidas para que la votaci\u00f3n de las personas con discapacidad sea segura, informada e inclusiva durante el plebiscito que se llevar\u00e1 a cabo en el pa\u00eds este domingo 25 de octubre.<\/p>\n\n\n\n<p>En las dependencias del establecimiento educacional, lugar que funcionar\u00e1 como local de votaci\u00f3n, la ministra Rubilar recalc\u00f3 que \u201clas personas&nbsp;con discapacidad f\u00edsica, visual, auditiva o intelectual tienen derecho a voto y tenemos que respetarlo y hacerlo m\u00e1s f\u00e1cil y es por eso que est\u00e1n tomadas todas las medidas en materia de infraestructura y de voto asistido\u201d.<\/p>\n\n\n\n<p>Las personas con cualquier tipo de discapacidad pueden hacer uso de su derecho al Voto Asistido, para lo cual est\u00e1n autorizadas a ir acompa\u00f1adas de una persona mayor de 18 a\u00f1os de su confianza, o bien pueden solicitar asistencia al presidente de la mesa quien debe esperar fuera de la c\u00e1mara secreta.<\/p>\n\n\n\n<p>As\u00ed, por ejemplo, en caso de que la persona no pueda ingresar a la c\u00e1mara secreta por usar camilla, silla de ruedas u otra forma de movilizaci\u00f3n, estar\u00e1n autorizados para sufragar fuera de ella. En este caso, la mesa deber\u00e1 adoptar las medidas necesitar\u00edas para mantener el secreto del voto.<\/p>\n\n\n\n<p>Las personas con discapacidad visualpodr\u00e1n solicitar al presidente de la mesa la plantilla de votaci\u00f3n con ranuras o la plantilla con ranuras y sistema braille. El delegado de la Junta Electoral tiene el deber de instruir a los electores con discapacidad visual o personas ciegas, sobre el uso de las plantillas que estar\u00e1n disponibles en cada recinto donde funcionen las mesas receptoras de sufragio.<\/p>\n\n\n\n<p>Por su parte, las personas discapacidad intelectualpueden estar acompa\u00f1adas por una persona mayor de 18 a\u00f1os que sea de su confianza. Para esto debe solicitar autorizaci\u00f3n al presidente de la mesa para que el acompa\u00f1ante lo asista al interior de la c\u00e1mara secreta. En caso de no tener con qui\u00e9n ir y necesite apoyo, la persona con discapacidad puede pedir asistencia al presidente de la mesa. \u00c9l se quedar\u00e1 fuera de la c\u00e1mara para doblar y cerrar tu voto con el sello adhesivo que entregan cuando pasan el voto. Deber\u00e1 quedar constancia en el acta de este hecho.<\/p>\n\n\n\n<p>A su vez, las personas con discapacidad auditiva pueden pedir hacer uso del Voto Asistido mediante lenguaje de se\u00f1as o bien por escrito.<\/p>\n\n\n\n<p>En ese sentido, la ministra de Desarrollo Social y Familia, Karla Rubilar, se\u00f1al\u00f3 que&nbsp;\u201cestamos muy contentos el d\u00eda de hoy con este simulacro de votaci\u00f3n aqu\u00ed en la comuna de Providencia, con la alcaldesa Evelyn Matthei en un colegio que adem\u00e1s ha hecho esfuerzos muy relevantes por ser mucho m\u00e1s inclusivo.&nbsp;Queremos transmitir la preocupaci\u00f3n que hemos tenido como Gobierno, en trabajo con el Servel y el Ministerio de Salud, para que todos los protocolos en materia sanitaria se cumplan a la perfecci\u00f3n para darle seguridad y tranquilidad a todos los votantes\u201d.<\/p>\n\n\n\n<p>\u201cEl Chile que debemos construir debe ser inclusivo y no debe quedar nadie atr\u00e1s y es por eso que el d\u00eda de hoy estamos con personas con discapacidad que van a ir a votar el d\u00eda domingo y queremos hacer un llamado a que todos vayan a votar. Es relevante que todas las personas con discapacidad que pueden hacerlo, asistan este domingo y se escuche con fuerza su voz\u201d, resalt\u00f3 la secretaria de Estado.&nbsp;&nbsp;<\/p>\n\n\n\n<p>Asimismo, la titular de Desarrollo Social y Familia subray\u00f3 que las personas con discapacidad tendr\u00e1n un trato preferente al momento de votar entre las 8.00 y las 20:00 horas. Para ello, podr\u00e1n recibir asistencia de los facilitadores del Servel quienes utilizar\u00e1n una pechera negra con logo de la instituci\u00f3n y estar\u00e1n disponible para hacerlos pasar de forma preferente. Ellos podr\u00e1n acompa\u00f1arlos a la mesa de votaci\u00f3n y supervisar que se cumplan las medidas sanitarias.<\/p>\n\n\n\n<p>\u201cEste 25 de octubre, el voto de las personas con discapacidad va a estar presente y se va a escuchar con fuerza\u201d, sostuvo la ministra Rubilar.&nbsp;&nbsp;<\/p>\n\n\n\n<p>Por su parte el director (s) de SENADIS, Francisco Subercaseaux, hizo un llamado a las personas con discapacidad a ejercer su derecho a voto. \u201cSeg\u00fan el Segundo Estudio Nacional de la Discapacidad, en Chile hay 2 millones 606 mil personas con discapacidad mayores de 18 a\u00f1os. Es importante que ejerzan su derecho cuidadano y empleen el Voto Asistido, si lo requieren\u201d.<\/p>\n\n\n\n<p>Por otro lado, aquellas personas que sean cuidadoras o cuidadores de personas con discapacidad y hayan sido designadas vocales de mesas podr\u00e1n excusarse ante el delegado del local el d\u00eda del plebiscito o ante el Juez de Polic\u00eda Local si llegaren a ser citados.<\/p>\n","protected":false},"excerpt":{"rendered":"<p>Hasta el Liceo Carmela Carvajal de la comuna de Providencia llegaron este jueves la ministra de Desarrollo Social y Familia, Karla Rubilar, el director nacional (s) de SENADIS, Francisco Subercaseaux,&#8230; <a class=\"read-more\" href=\"https:\/\/www.radiopresidenteibanez.cl\/web\/autoridades-hacen-llamado-a-personas-con-discapacidad-hacer-uso-del-voto-asistido-en-el-plebiscito\/\">Leer m\u00e1s<\/a><\/p>\n","protected":false},"author":2,"featured_media":15420,"comment_status":"closed","ping_status":"closed","sticky":false,"template":"","format":"standard","meta":{"footnotes":""},"categories":[1],"tags":[],"class_list":["post-15419","post","type-post","status-publish","format-standard","has-post-thumbnail","hentry","category-cronica"],"_links":{"self":[{"href":"https:\/\/www.radiopresidenteibanez.cl\/web\/wp-json\/wp\/v2\/posts\/15419","targetHints":{"allow":["GET"]}}],"collection":[{"href":"https:\/\/www.radiopresidenteibanez.cl\/web\/wp-json\/wp\/v2\/posts"}],"about":[{"href":"https:\/\/www.radiopresidenteibanez.cl\/web\/wp-json\/wp\/v2\/types\/post"}],"author":[{"embeddable":true,"href":"https:\/\/www.radiopresidenteibanez.cl\/web\/wp-json\/wp\/v2\/users\/2"}],"replies":[{"embeddable":true,"href":"https:\/\/www.radiopresidenteibanez.cl\/web\/wp-json\/wp\/v2\/comments?post=15419"}],"version-history":[{"count":0,"href":"https:\/\/www.radiopresidenteibanez.cl\/web\/wp-json\/wp\/v2\/posts\/15419\/revisions"}],"wp:featuredmedia":[{"embeddable":true,"href":"https:\/\/www.radiopresidenteibanez.cl\/web\/wp-json\/wp\/v2\/media\/15420"}],"wp:attachment":[{"href":"https:\/\/www.radiopresidenteibanez.cl\/web\/wp-json\/wp\/v2\/media?parent=15419"}],"wp:term":[{"taxonomy":"category","embeddable":true,"href":"https:\/\/www.radiopresidenteibanez.cl\/web\/wp-json\/wp\/v2\/categories?post=15419"},{"taxonomy":"post_tag","embeddable":true,"href":"https:\/\/www.radiopresidenteibanez.cl\/web\/wp-json\/wp\/v2\/tags?post=15419"}],"curies":[{"name":"wp","href":"https:\/\/api.w.org\/{rel}","templated":true}]}}