{"id":15412,"date":"2020-10-22T13:41:55","date_gmt":"2020-10-22T13:41:55","guid":{"rendered":"https:\/\/www.radiopresidenteibanez.cl\/web\/?p=15412"},"modified":"2020-10-22T13:42:00","modified_gmt":"2020-10-22T13:42:00","slug":"con-sello-postal-y-nuevo-libro-municipio-conmemoro-los-500-anos","status":"publish","type":"post","link":"https:\/\/www.radiopresidenteibanez.cl\/web\/con-sello-postal-y-nuevo-libro-municipio-conmemoro-los-500-anos\/","title":{"rendered":"CON SELLO POSTAL Y NUEVO LIBRO, MUNICIPIO CONMEMOR\u00d3 LOS 500 A\u00d1OS"},"content":{"rendered":"\n<p>\u201cHoy es un d\u00eda muy especial para nuestra ciudad, pero sobre todo para nuestra Regi\u00f3n y el mundo. Hoy es el d\u00eda de Regi\u00f3n de Magallanes y la Ant\u00e1rtica Chilena, y adem\u00e1s se conmemoran los 500 a\u00f1os de la primera circunnavegaci\u00f3n de Magallanes y Elcano\u201d, fueron las palabras iniciales del alcalde de Punta Arenas, Claudio Radonich, al dar inicio a la ceremonia que present\u00f3 el nuevo sello postal conmemorativo y el octavo libro de la colecci\u00f3n 500 a\u00f1os.<\/p>\n\n\n\n<p>En ese contexto y despu\u00e9s de mucho tiempo de preparaci\u00f3n, la autoridad comunal, explic\u00f3 que se han debido suspender diversas iniciativas vinculadas a esta conmemoraci\u00f3n producto de la pandemia, pero que eso no ha sido excusa para poder concretar dos iniciativas muy importantes y simb\u00f3licas.<\/p>\n\n\n\n<p>\u201cPrimero, el Lanzamiento del Sello Postal 500 a\u00f1os, esperado por los filat\u00e9licos del mundo y en presencia de altas autoridades, encabezadas por el Presidente de la Rep\u00fablica a orillas del Estrecho de Magallanes, junto a ministros de Estado y los embajadores de Espa\u00f1a y Portugal en Chile\u201d.<\/p>\n\n\n\n<p>Luego de eso, y en segunda instancia, se realiz\u00f3 la presentaci\u00f3n del octavo libro de la Colecci\u00f3n 500 a\u00f1os, \u201cENSAYOS\u201d, saga que seg\u00fan relat\u00f3 Radonich, \u201ccomenz\u00f3 hace tres a\u00f1os en un trabajo colaborativo con la Prensa Austral y la Universidad de Magallanes, los que incluyen el talento de autores locales que han permitido desarrollar estas obras literarias\u201d.<\/p>\n\n\n\n<p>ENSAYOS, fue presentado por el presidente Sebasti\u00e1n Pi\u00f1era, quien junto a los embajadores de Espa\u00f1a, Enrique Ojeda, y Portugal, Ant\u00f3nio Le\u00e3o Rocha, comparten la traves\u00eda que hoy nos re\u00fane entorno al Estrecho.<\/p>\n\n\n\n<p>En tanto, el Presidente Sebasti\u00e1n Pi\u00f1era Echenique, destac\u00f3 el rol del Alcalde en esta conmemoraci\u00f3n y tambi\u00e9n resalt\u00f3 los desaf\u00edos venideros para los pr\u00f3ximos a\u00f1os, valorando tambi\u00e9n la hermandad de los pueblos entorno a esta haza\u00f1a mundial.<\/p>\n\n\n\n<p>\u201cEstamos conmemorando los 500 a\u00f1os de la epopeya, de la haza\u00f1a, de Hernando de Magallanes y Sebasti\u00e1n Elcano. Yo Quiero felicitar al Alcalde Claudio Radonich, por todo su amor, pasi\u00f3n, compromiso con la ciudad de Punta Arenas, pero tambi\u00e9n pedirle algo\u2026 Porque estamos recordando los 500 a\u00f1os de una haza\u00f1a, pero tenemos que tambi\u00e9n preocuparnos de qu\u00e9 haza\u00f1a queremos hacer nosotros en los pr\u00f3ximos 500 a\u00f1os, y Punta Arenas es la puerta de entrada a la Ant\u00e1rtica, y la Ant\u00e1rtica es el continente blanco; continente del futuro; continente de la paz, as\u00ed que yo espero que los chilenos podamos hacer nuestra propia haza\u00f1a y cumplir nuestra propia misi\u00f3n\u201d, argument\u00f3 el mandatario chileno, quien encabez\u00f3 la ceremonia.<\/p>\n\n\n\n<p>En ese sentido, los embajadores tanto de Espa\u00f1a como de Portugal, agradecieron la invitaci\u00f3n, y destacaron el rol del Estrecho de Magallanes en el hallazgo de un paso bioce\u00e1nico que hoy une al mundo.<\/p>\n\n\n\n<p>Enrique Ojeda, embajador de Espa\u00f1a en Chile, expres\u00f3 que \u201cla conmemoraci\u00f3n del V Centenario del paso del Estrecho de Magallanes es un evento \u00fanico, por lo que estamos muy emocionados y contentos de participar en esta conmemoraci\u00f3n de Espa\u00f1a y de Chile\u201d.<\/p>\n\n\n\n<p>De igual forma, el diplom\u00e1tico espa\u00f1ol, ahond\u00f3 en la traves\u00eda agregando que \u201cdesde aqu\u00ed se pudo conectar el pacifico y el atl\u00e1ntico, lo que permiti\u00f3 llegar hasta Asia y ah\u00ed, tras la muerte de Magallanes en Filipinas, la expedici\u00f3n liderada por Elcano consigui\u00f3 dar la vuelta al mundo, lo cual conmemoramos el d\u00eda de hoy, junto a la amistad de nuestros pa\u00edses y nuestros pueblos\u201d.<\/p>\n\n\n\n<p>Por su parte, Ant\u00f3nio Le\u00e3o Rocha, embajador de Portugal en Chile, manifest\u00f3 su gratitud diciendo: \u201cQuiero agradecer la invitaci\u00f3n del alcalde Punta Arenas y tambi\u00e9n del se\u00f1or Presidente, para estar hoy aqu\u00ed. Para m\u00ed es un honor estar ac\u00e1 y me parece espectacular lo que se ha podido realizar pese a la pandemia\u201d.<\/p>\n\n\n\n<p>Algo similar expres\u00f3 la ministra de la Cultura, las Artes y el Patrimonio, Consuelo Vald\u00e9s, quien ha sido activa colaboradora de las iniciativas municipales vinculadas a la conmemoraci\u00f3n, agregando a ello, su participaci\u00f3n en el libro ENSAYOS&nbsp; con un escrito de su autor\u00eda.<\/p>\n\n\n\n<p>\u201cHoy es un d\u00eda tremendamente significativo y especial, hace 500 a\u00f1os estos valientes y osados navegantes, unieron el oc\u00e9ano atl\u00e1ntico y el pacifico, lo que marc\u00f3 un hito tan importante como es la globalizaci\u00f3n\u201d, dijo Vald\u00e9s.<\/p>\n\n\n\n<p>Asimismo, la ministra de Estado argument\u00f3 que \u201cRecordar es reflexionar, y hoy con la inauguraci\u00f3n del Monumento de Francisco Gacit\u00faa; El libro editado por la Municipalidad de Punta Arenas, y el sello filat\u00e9lico, son elementos que nos ayudan a pensar lo que significa esto. Somos historia, pero tambi\u00e9n somos Futuro. Somos trayectoria, pero tambi\u00e9n somos esperanza. De manera que eso nos tiene que llevar a pensar cuales son los otros Estrechos de Magallanes que existen en el mundo y si estamos preparados para surcarlos\u2026 Me refiero a Estrechos sociales, culturales, pol\u00edticos, cient\u00edficos. Todo lo que hemos inaugurado hoy d\u00eda con el enorme esfuerzo y trabajo de la Municipalidad, encabezada por su Alcalde, espero que nos lleve a pensar en el Futuro\u201d.<\/p>\n\n\n\n<p>Finalmente, el alcalde Radonich recalc\u00f3 que \u201cseguiremos trabajando para potenciar la imagen de nuestra ciudad en el mundo, con el fin de que esta conmemoraci\u00f3n nos sirva como plataforma para mostrar Punta Arenas, y as\u00ed dar un impulso al turismo cuando las condiciones sanitarias lo permitan\u201d.<\/p>\n\n\n\n<p>En la ceremonia, realizada en el Centro Cultural de Punta Arenas, tambi\u00e9n participaron la Intendenta de Magallanes, Jennifer Rojas, Primera Dama, Cecilia Morel, los ministros de Estado, Mario Desbordes (Defensa), Andr\u00e9s Allamand (RREE) y Andr\u00e9s Couve (Ciencias), quienes recibieron la medalla conmemorativa, desarrollada por Casa de Moneda en conjunto con la Municipalidad de Punta Arenas.<\/p>\n","protected":false},"excerpt":{"rendered":"<p>\u201cHoy es un d\u00eda muy especial para nuestra ciudad, pero sobre todo para nuestra Regi\u00f3n y el mundo. Hoy es el d\u00eda de Regi\u00f3n de Magallanes y la Ant\u00e1rtica Chilena,&#8230; <a class=\"read-more\" href=\"https:\/\/www.radiopresidenteibanez.cl\/web\/con-sello-postal-y-nuevo-libro-municipio-conmemoro-los-500-anos\/\">Leer m\u00e1s<\/a><\/p>\n","protected":false},"author":2,"featured_media":15413,"comment_status":"closed","ping_status":"closed","sticky":false,"template":"","format":"standard","meta":{"footnotes":""},"categories":[1],"tags":[],"class_list":["post-15412","post","type-post","status-publish","format-standard","has-post-thumbnail","hentry","category-cronica"],"_links":{"self":[{"href":"https:\/\/www.radiopresidenteibanez.cl\/web\/wp-json\/wp\/v2\/posts\/15412","targetHints":{"allow":["GET"]}}],"collection":[{"href":"https:\/\/www.radiopresidenteibanez.cl\/web\/wp-json\/wp\/v2\/posts"}],"about":[{"href":"https:\/\/www.radiopresidenteibanez.cl\/web\/wp-json\/wp\/v2\/types\/post"}],"author":[{"embeddable":true,"href":"https:\/\/www.radiopresidenteibanez.cl\/web\/wp-json\/wp\/v2\/users\/2"}],"replies":[{"embeddable":true,"href":"https:\/\/www.radiopresidenteibanez.cl\/web\/wp-json\/wp\/v2\/comments?post=15412"}],"version-history":[{"count":0,"href":"https:\/\/www.radiopresidenteibanez.cl\/web\/wp-json\/wp\/v2\/posts\/15412\/revisions"}],"wp:featuredmedia":[{"embeddable":true,"href":"https:\/\/www.radiopresidenteibanez.cl\/web\/wp-json\/wp\/v2\/media\/15413"}],"wp:attachment":[{"href":"https:\/\/www.radiopresidenteibanez.cl\/web\/wp-json\/wp\/v2\/media?parent=15412"}],"wp:term":[{"taxonomy":"category","embeddable":true,"href":"https:\/\/www.radiopresidenteibanez.cl\/web\/wp-json\/wp\/v2\/categories?post=15412"},{"taxonomy":"post_tag","embeddable":true,"href":"https:\/\/www.radiopresidenteibanez.cl\/web\/wp-json\/wp\/v2\/tags?post=15412"}],"curies":[{"name":"wp","href":"https:\/\/api.w.org\/{rel}","templated":true}]}}