{"id":15410,"date":"2020-10-22T13:40:22","date_gmt":"2020-10-22T13:40:22","guid":{"rendered":"https:\/\/www.radiopresidenteibanez.cl\/web\/?p=15410"},"modified":"2020-10-22T13:40:27","modified_gmt":"2020-10-22T13:40:27","slug":"enap-acogio-propuesta-sindical-y-se-realizara-test-rapido-a-los-trabajadores-antes-de-subir-a-faena","status":"publish","type":"post","link":"https:\/\/www.radiopresidenteibanez.cl\/web\/enap-acogio-propuesta-sindical-y-se-realizara-test-rapido-a-los-trabajadores-antes-de-subir-a-faena\/","title":{"rendered":"ENAP ACOGI\u00d3 PROPUESTA SINDICAL Y SE REALIZARA TEST R\u00c1PIDO A LOS TRABAJADORES ANTES DE SUBIR A FAENA"},"content":{"rendered":"\n<p>presidente\nAlejandro Avenda\u00f1o Gallardo, hoy y frente al gran rebrote de la pandemia que\ntan fuerte a golpeado nuestra regi\u00f3n y que impacto tambi\u00e9n en los trabajadores\nde Enap que se desempe\u00f1an en terreno, tanto en los equipos de perforaciones,\nlas plantas y operaciones y mantenimiento y que a\u00fan tenemos un equipo de\nperforaci\u00f3n detenido por alto n\u00famero de contagios.<\/p>\n\n\n\n<p>Despu\u00e9s de\ntomar contacto con Codelco para conocer experiencia en los campamentos de las\ndistintas divisiones de la estatal respecto al manejo de la pandemia Covid-19\ndonde llegaron a tener un alto n\u00famero de trabajadores contagiados e incluso con\ntrabajadores fallecidos, y una de las principales medidas que contuvo\nconsiderablemente los contagios fue la aplicaci\u00f3n de un test r\u00e1pido ant\u00edgeno y\notras medidas paliativas que le dieron buen resultado.<\/p>\n\n\n\n<p>Dada a\nconocer esta experiencia a la administraci\u00f3n de Enap es que propusimos se\nrealice a los trabajadores de terreno y no tan solo a los trabajadores propios\nsino que tambi\u00e9n a los trabajadores de las empresas contratistas lo que a\npartir de hoy mi\u00e9rcoles se comenz\u00f3 aplicar el test r\u00e1pido ant\u00edgeno \u201cStandard Q\nCovid-19 ag Test de Biosensor\u201d con resultado en 30 minutos, test con\nevaluaciones en Italia, Singapur, Brasil, Chile entre otros pa\u00edses, en Codelco\nse est\u00e1 aplicando desde junio del 2020, con esta medida poder dar tranquilidad\ny asegurar la salud de nuestros trabajadores y proteger de alguna medida a sus\nfamilias.<\/p>\n\n\n\n<p>Finalmente hacemos\nun llamado a otras empresas a tomar este tipo de test r\u00e1pido ant\u00edgeno &nbsp;a sus trabajadores con lo cual no solo se\nlogra proteger a los trabajadores sino ello adem\u00e1s ayuda a controlar las cifras\nalarmantes de contagios de nuestra regi\u00f3n, termino se\u00f1alando el m\u00e1ximo l\u00edder de\nlos petroleros. <\/p>\n","protected":false},"excerpt":{"rendered":"<p>presidente Alejandro Avenda\u00f1o Gallardo, hoy y frente al gran rebrote de la pandemia que tan fuerte a golpeado nuestra regi\u00f3n y que impacto tambi\u00e9n en los trabajadores de Enap que&#8230; <a class=\"read-more\" href=\"https:\/\/www.radiopresidenteibanez.cl\/web\/enap-acogio-propuesta-sindical-y-se-realizara-test-rapido-a-los-trabajadores-antes-de-subir-a-faena\/\">Leer m\u00e1s<\/a><\/p>\n","protected":false},"author":2,"featured_media":14359,"comment_status":"closed","ping_status":"closed","sticky":false,"template":"","format":"standard","meta":{"footnotes":""},"categories":[1],"tags":[],"class_list":["post-15410","post","type-post","status-publish","format-standard","has-post-thumbnail","hentry","category-cronica"],"_links":{"self":[{"href":"https:\/\/www.radiopresidenteibanez.cl\/web\/wp-json\/wp\/v2\/posts\/15410","targetHints":{"allow":["GET"]}}],"collection":[{"href":"https:\/\/www.radiopresidenteibanez.cl\/web\/wp-json\/wp\/v2\/posts"}],"about":[{"href":"https:\/\/www.radiopresidenteibanez.cl\/web\/wp-json\/wp\/v2\/types\/post"}],"author":[{"embeddable":true,"href":"https:\/\/www.radiopresidenteibanez.cl\/web\/wp-json\/wp\/v2\/users\/2"}],"replies":[{"embeddable":true,"href":"https:\/\/www.radiopresidenteibanez.cl\/web\/wp-json\/wp\/v2\/comments?post=15410"}],"version-history":[{"count":0,"href":"https:\/\/www.radiopresidenteibanez.cl\/web\/wp-json\/wp\/v2\/posts\/15410\/revisions"}],"wp:featuredmedia":[{"embeddable":true,"href":"https:\/\/www.radiopresidenteibanez.cl\/web\/wp-json\/wp\/v2\/media\/14359"}],"wp:attachment":[{"href":"https:\/\/www.radiopresidenteibanez.cl\/web\/wp-json\/wp\/v2\/media?parent=15410"}],"wp:term":[{"taxonomy":"category","embeddable":true,"href":"https:\/\/www.radiopresidenteibanez.cl\/web\/wp-json\/wp\/v2\/categories?post=15410"},{"taxonomy":"post_tag","embeddable":true,"href":"https:\/\/www.radiopresidenteibanez.cl\/web\/wp-json\/wp\/v2\/tags?post=15410"}],"curies":[{"name":"wp","href":"https:\/\/api.w.org\/{rel}","templated":true}]}}