{"id":1541,"date":"2019-02-24T18:58:12","date_gmt":"2019-02-24T18:58:12","guid":{"rendered":"http:\/\/www.radiopresidenteibanez.cl\/web\/?p=1541"},"modified":"2019-02-24T18:58:41","modified_gmt":"2019-02-24T18:58:41","slug":"seremi-del-trabajo-recorre-aserraderos-para-fiscalizar-medidas-de-seguridad","status":"publish","type":"post","link":"https:\/\/www.radiopresidenteibanez.cl\/web\/seremi-del-trabajo-recorre-aserraderos-para-fiscalizar-medidas-de-seguridad\/","title":{"rendered":"SEREMI DEL TRABAJO RECORRE ASERRADEROS PARA FISCALIZAR MEDIDAS DE SEGURIDAD"},"content":{"rendered":"\n<p>\u201cSer\nmajaderos al pensar en nuestra seguridad, nunca estar\u00e1 de m\u00e1s, si con eso\nevitamos un accidente\u201d, fueron las palabras expresadas por la Seremi del\nTrabajo, Victoria Cort\u00e9s Schiattino, en el marco del programa de visitas en\nterreno y fiscalizaciones preventivas que ejecuta la secretaria regional\ndurante el mes de febrero en diferentes provincias de Magallanes.<\/p>\n\n\n\n<p>Esta\nvez fue el turno de algunos talleres y plantas de aserraderos ubicados en la\ncapital regional, donde la autoridad, acompa\u00f1ada por un fiscalizador de la\nInspecci\u00f3n provincial del Trabajo, convers\u00f3 con empleadores y trabajadores para\nverificar in situ las correspondientes medidas de protecci\u00f3n utilizadas en este\nrubro.<\/p>\n\n\n\n<p>El\nprograma de visitas inspectivas contempla el desarrollo de fiscalizaciones en\nterreno, en empresas privadas de diferentes rubros de la regi\u00f3n, con \u00e9nfasis en\nla verificaci\u00f3n de aspectos como: entrega y uso de elementos de protecci\u00f3n\npersonal, manual de higiene y seguridad, condiciones de habitabilidad y de\nhigiene en ba\u00f1os, cocinas, comedores y espacios comunes de trabajo,\nse\u00f1al\u00e9ticas, derecho a saber, entre otras.<\/p>\n\n\n\n<p>Junto\na ello, se solicita informaci\u00f3n sobre jornadas y turnos de trabajo, horas\nextras, cumplimiento de pagos previsionales y contratos. Asimismo, la Seremi\nconversa con representantes de las empresas y entrevista a los trabajadores\npara conversar con ellos sobre clima laboral u otros aspectos que deseen\ncomentar y que sean relevantes para el proceso inspectivo.<\/p>\n\n\n\n<p>Consultada\nsobre el resultado de esta \u00faltima ronda de fiscalizaciones, la Seremi respondi\u00f3\nque \u201calgunos empleadores de este sector particular se sintieron inc\u00f3modos con\nnuestra visita, e incluso impidieron la toma de fotograf\u00edas, pero otros se\nmostraron muy amables y dispuestos a abrirnos sus puertas sin ning\u00fan problema.\nLo importante, que tanto empleadores como trabajadores deben entender, es que\nestas visitas son de car\u00e1cter preventivo. Esto significa que el objetivo\nprimordial es la toma de conciencia, principalmente, en t\u00e9rminos de seguridad\nlaboral, la protecci\u00f3n personal, el uso correcto de cascos, de zapatos, el\ncuidado del entorno donde se trabaja y, luego, verificar otro tipo de aspectos,\ncomo jornadas, contratos, etc\u201d. <\/p>\n\n\n\n<p>\u201cPero\nnuestra primera intenci\u00f3n es insistir en la seguridad laboral, queremos reducir\nnuestra tasa de accidentes laborales y de enfermedades profesionales y la \u00fanica\nmanera de lograrlo es repetir esto. Por eso, ser insistentes y majaderos al\npensar en nuestra seguridad, nunca estar\u00e1 de m\u00e1s, si con eso evitamos un\naccidente grave o fatal\u201d, agreg\u00f3 enf\u00e1tica la secretaria regional.<\/p>\n\n\n\n<p>De\nacuerdo a una reciente publicaci\u00f3n y seg\u00fan las estad\u00edsticas de la Superintendencia\nde Seguridad Social, en el \u00faltimo a\u00f1o se registraron 6 accidentes fatales de\ntipo laboral y seg\u00fan los datos de las tres administradoras privadas de la ley\n16.744 de accidentes del trabajo y enfermedades profesionales, en la regi\u00f3n de\nMagallanes se registraron 1.966 accidentes laborales, dentro de los cuales\nest\u00e1n los accidentes con ocasi\u00f3n del trabajo (1.586) y los accidentes de\ntrayecto (380), y se diagnosticaron un total de 79 enfermedades profesionales,\nlo que implica un aumento cercano a un 4% con respecto al a\u00f1o anterior.<\/p>\n\n\n\n<p>Ante\nestos datos, la Seremi asegur\u00f3 que el programa de fiscalizaciones \u201creci\u00e9n est\u00e1 empezando\u201d,\ninformando que durante el mes de febrero se dio el punta pie inicial en las\nciudades de Puerto Natales y Punta Arenas, \u201cpero este programa continuar\u00e1\ndurante todo el a\u00f1o en diferentes comunas y provincias de la regi\u00f3n, esperando\nllegar a la mayor cantidad de empresas y trabajadores, especialmente, en los\nrubros con mayor incidencias de accidentabilidad\u201d, explic\u00f3 Cort\u00e9s, se\u00f1alando\nque se trata de una iniciativa regional que busca verificar las condiciones\nlaborales de toda la regi\u00f3n y, con ello, reducir efectivamente los niveles de\naccidentabilidad local. &nbsp;<\/p>\n","protected":false},"excerpt":{"rendered":"<p>\u201cSer majaderos al pensar en nuestra seguridad, nunca estar\u00e1 de m\u00e1s, si con eso evitamos un accidente\u201d, fueron las palabras expresadas por la Seremi del Trabajo, Victoria Cort\u00e9s Schiattino, en&#8230; <a class=\"read-more\" href=\"https:\/\/www.radiopresidenteibanez.cl\/web\/seremi-del-trabajo-recorre-aserraderos-para-fiscalizar-medidas-de-seguridad\/\">Leer m\u00e1s<\/a><\/p>\n","protected":false},"author":2,"featured_media":1542,"comment_status":"closed","ping_status":"closed","sticky":false,"template":"","format":"standard","meta":{"footnotes":""},"categories":[1],"tags":[],"class_list":["post-1541","post","type-post","status-publish","format-standard","has-post-thumbnail","hentry","category-cronica"],"_links":{"self":[{"href":"https:\/\/www.radiopresidenteibanez.cl\/web\/wp-json\/wp\/v2\/posts\/1541","targetHints":{"allow":["GET"]}}],"collection":[{"href":"https:\/\/www.radiopresidenteibanez.cl\/web\/wp-json\/wp\/v2\/posts"}],"about":[{"href":"https:\/\/www.radiopresidenteibanez.cl\/web\/wp-json\/wp\/v2\/types\/post"}],"author":[{"embeddable":true,"href":"https:\/\/www.radiopresidenteibanez.cl\/web\/wp-json\/wp\/v2\/users\/2"}],"replies":[{"embeddable":true,"href":"https:\/\/www.radiopresidenteibanez.cl\/web\/wp-json\/wp\/v2\/comments?post=1541"}],"version-history":[{"count":0,"href":"https:\/\/www.radiopresidenteibanez.cl\/web\/wp-json\/wp\/v2\/posts\/1541\/revisions"}],"wp:featuredmedia":[{"embeddable":true,"href":"https:\/\/www.radiopresidenteibanez.cl\/web\/wp-json\/wp\/v2\/media\/1542"}],"wp:attachment":[{"href":"https:\/\/www.radiopresidenteibanez.cl\/web\/wp-json\/wp\/v2\/media?parent=1541"}],"wp:term":[{"taxonomy":"category","embeddable":true,"href":"https:\/\/www.radiopresidenteibanez.cl\/web\/wp-json\/wp\/v2\/categories?post=1541"},{"taxonomy":"post_tag","embeddable":true,"href":"https:\/\/www.radiopresidenteibanez.cl\/web\/wp-json\/wp\/v2\/tags?post=1541"}],"curies":[{"name":"wp","href":"https:\/\/api.w.org\/{rel}","templated":true}]}}