{"id":15407,"date":"2020-10-22T13:35:45","date_gmt":"2020-10-22T13:35:45","guid":{"rendered":"https:\/\/www.radiopresidenteibanez.cl\/web\/?p=15407"},"modified":"2020-10-22T13:35:51","modified_gmt":"2020-10-22T13:35:51","slug":"un-centenar-de-vocales-llegaron-hasta-el-liceo-maria-behety-para-hacerse-pcr-preventivo","status":"publish","type":"post","link":"https:\/\/www.radiopresidenteibanez.cl\/web\/un-centenar-de-vocales-llegaron-hasta-el-liceo-maria-behety-para-hacerse-pcr-preventivo\/","title":{"rendered":"UN CENTENAR DE VOCALES LLEGARON HASTA EL LICEO MAR\u00cdA BEHETY PARA HACERSE PCR PREVENTIVO"},"content":{"rendered":"\n<p>Este jueves 22 de octubre a partir de las 9 horas, continuar\u00e1 el proceso de muestreo a los vocales de mesa, convocados para el plebiscito del pr\u00f3ximo domingo 25 de octubre. Una idea municipal que se logr\u00f3 concretar y que seg\u00fan dijeron los asistentes, era necesaria.<\/p>\n\n\n\n<p>En la primera jornada de testeos en el Liceo Mar\u00eda Behety, llegaron 110 personas a tomarse el examen PCR de manera voluntaria, lo cual fue valorado por el Alcalde Claudio Radonich, quien invit\u00f3 a las personas que corresponden a las letras entre H y Z, a concurrir ma\u00f1ana jueves con su c\u00e9dula de identidad y su certificado que acredita su participaci\u00f3n como vocal en el proceso electoral que se aproxima.<\/p>\n\n\n\n<p>\u201cNo fue tan f\u00e1cil armar esta iniciativa, ya que deb\u00edamos pedir autorizaci\u00f3n a la seremi de salud, adem\u00e1s de estar condicionados a la capacidad del laboratorio para poder tener los resultados,&nbsp; previo al plebiscito de este pr\u00f3ximo domingo\u201d, expres\u00f3 Radonich.<\/p>\n\n\n\n<p>A ello agreg\u00f3 que \u201ces un esfuerzo municipal in\u00e9dito, en la que se realizar\u00e1n ex\u00e1menes preventivos a los vocales de mesa que as\u00ed lo deseen, por tanto, ma\u00f1ana jueves 22 octubre continuamos con las personas restantes, que corresponden a todos aquellos que su apellido paterno comience entre las letras H y Z\u201d.<\/p>\n\n\n\n<p>En ese sentido, la primera autoridad comunal, recalc\u00f3 que este proceso se est\u00e1 desarrollando en el Liceo Mar\u00eda Behety entre las 9 y 13 horas de manera totalmente gratuita y voluntaria.<\/p>\n\n\n\n<p>Finalmente, Radonich expres\u00f3 que \u201cdebemos considerar que estamos en medio de una pandemia, por lo que nos parec\u00eda l\u00f3gico realizar estos testeos, porque si el Estado te obliga a ser vocal, el mismo Estado debiera garantizar las medidas b\u00e1sicas de prevenci\u00f3n\u201d.<\/p>\n","protected":false},"excerpt":{"rendered":"<p>Este jueves 22 de octubre a partir de las 9 horas, continuar\u00e1 el proceso de muestreo a los vocales de mesa, convocados para el plebiscito del pr\u00f3ximo domingo 25 de&#8230; <a class=\"read-more\" href=\"https:\/\/www.radiopresidenteibanez.cl\/web\/un-centenar-de-vocales-llegaron-hasta-el-liceo-maria-behety-para-hacerse-pcr-preventivo\/\">Leer m\u00e1s<\/a><\/p>\n","protected":false},"author":2,"featured_media":15408,"comment_status":"closed","ping_status":"closed","sticky":false,"template":"","format":"standard","meta":{"footnotes":""},"categories":[1],"tags":[],"class_list":["post-15407","post","type-post","status-publish","format-standard","has-post-thumbnail","hentry","category-cronica"],"_links":{"self":[{"href":"https:\/\/www.radiopresidenteibanez.cl\/web\/wp-json\/wp\/v2\/posts\/15407","targetHints":{"allow":["GET"]}}],"collection":[{"href":"https:\/\/www.radiopresidenteibanez.cl\/web\/wp-json\/wp\/v2\/posts"}],"about":[{"href":"https:\/\/www.radiopresidenteibanez.cl\/web\/wp-json\/wp\/v2\/types\/post"}],"author":[{"embeddable":true,"href":"https:\/\/www.radiopresidenteibanez.cl\/web\/wp-json\/wp\/v2\/users\/2"}],"replies":[{"embeddable":true,"href":"https:\/\/www.radiopresidenteibanez.cl\/web\/wp-json\/wp\/v2\/comments?post=15407"}],"version-history":[{"count":0,"href":"https:\/\/www.radiopresidenteibanez.cl\/web\/wp-json\/wp\/v2\/posts\/15407\/revisions"}],"wp:featuredmedia":[{"embeddable":true,"href":"https:\/\/www.radiopresidenteibanez.cl\/web\/wp-json\/wp\/v2\/media\/15408"}],"wp:attachment":[{"href":"https:\/\/www.radiopresidenteibanez.cl\/web\/wp-json\/wp\/v2\/media?parent=15407"}],"wp:term":[{"taxonomy":"category","embeddable":true,"href":"https:\/\/www.radiopresidenteibanez.cl\/web\/wp-json\/wp\/v2\/categories?post=15407"},{"taxonomy":"post_tag","embeddable":true,"href":"https:\/\/www.radiopresidenteibanez.cl\/web\/wp-json\/wp\/v2\/tags?post=15407"}],"curies":[{"name":"wp","href":"https:\/\/api.w.org\/{rel}","templated":true}]}}