{"id":15404,"date":"2020-10-22T13:31:53","date_gmt":"2020-10-22T13:31:53","guid":{"rendered":"https:\/\/www.radiopresidenteibanez.cl\/web\/?p=15404"},"modified":"2020-10-22T13:31:57","modified_gmt":"2020-10-22T13:31:57","slug":"municipio-de-porvenir-llama-a-inscribirse-para-recibir-juguetes-esta-navidad","status":"publish","type":"post","link":"https:\/\/www.radiopresidenteibanez.cl\/web\/municipio-de-porvenir-llama-a-inscribirse-para-recibir-juguetes-esta-navidad\/","title":{"rendered":"MUNICIPIO DE PORVENIR LLAMA A INSCRIBIRSE PARA RECIBIR JUGUETES ESTA NAVIDAD"},"content":{"rendered":"\n<p>Como todos los a\u00f1os, la Ilustre\nMunicipalidad de Porvenir, por medio de la Direcci\u00f3n de Desarrollo Comunitario,\nha iniciado el proceso de confecci\u00f3n de listados para los juguetes que ser\u00e1n\nentregados a los ni\u00f1os de nuestra ciudad en la Navidad 2020.<\/p>\n\n\n\n<p>As\u00ed lo inform\u00f3 Ricardo Rozas Palma, director\nde la oficina de Desarrollo Comunitario. \u201cEl 15 de octubre comenz\u00f3 proceso de\ninscripci\u00f3n para recibir juguetes en la navidad 2020 y este proceso se va a\nextender hasta el 30 de octubre\u201d.<\/p>\n\n\n\n<p>C\u00f3mo estamos bajo una condici\u00f3n de\npandemia y tambi\u00e9n cuarentena se ha dispuesto de un n\u00famero de tel\u00e9fono celular,\npara que la gente se pueda inscribir solamente llamando y dando los datos del\nni\u00f1o y del padre, de est\u00e1 forma se genera la inscripci\u00f3n de esta manera se permite\ncuidarnos entre todos y a la vez que hacer el esfuerzo para que la \u00e9poca de navidad\npodamos justamente llevar estas fiestas navide\u00f1as a los ni\u00f1os y ni\u00f1as de la\ncomuna.<\/p>\n\n\n\n<p>El director del Departamento Social,\nRicardo Rozas Palma, hizo el llamado para que usen esta v\u00eda de inscripci\u00f3n, \u201ctenemos\nplazo hasta fines de octubre para llevar a cabo este proceso y la l\u00ednea\ntelef\u00f3nica est\u00e1 disponible desde las 9:00 de la ma\u00f1ana a 13:00 horas y en la\ntarde de 15:00 a 17:00 horas\u201d.<\/p>\n\n\n\n<p>Se pueden inscribir todos los ni\u00f1os de\nla comuna que tengan hasta los 10 a\u00f1os y 11 meses y donde los padres no reciban\njuguetes ya sea en la empresa o en la instituci\u00f3n donde trabaja y la\ninscripci\u00f3n es solamente a trav\u00e9s de la v\u00eda telef\u00f3nica con los datos del ni\u00f1o y\nel padre.<\/p>\n","protected":false},"excerpt":{"rendered":"<p>Como todos los a\u00f1os, la Ilustre Municipalidad de Porvenir, por medio de la Direcci\u00f3n de Desarrollo Comunitario, ha iniciado el proceso de confecci\u00f3n de listados para los juguetes que ser\u00e1n&#8230; <a class=\"read-more\" href=\"https:\/\/www.radiopresidenteibanez.cl\/web\/municipio-de-porvenir-llama-a-inscribirse-para-recibir-juguetes-esta-navidad\/\">Leer m\u00e1s<\/a><\/p>\n","protected":false},"author":2,"featured_media":15405,"comment_status":"closed","ping_status":"closed","sticky":false,"template":"","format":"standard","meta":{"footnotes":""},"categories":[1],"tags":[],"class_list":["post-15404","post","type-post","status-publish","format-standard","has-post-thumbnail","hentry","category-cronica"],"_links":{"self":[{"href":"https:\/\/www.radiopresidenteibanez.cl\/web\/wp-json\/wp\/v2\/posts\/15404","targetHints":{"allow":["GET"]}}],"collection":[{"href":"https:\/\/www.radiopresidenteibanez.cl\/web\/wp-json\/wp\/v2\/posts"}],"about":[{"href":"https:\/\/www.radiopresidenteibanez.cl\/web\/wp-json\/wp\/v2\/types\/post"}],"author":[{"embeddable":true,"href":"https:\/\/www.radiopresidenteibanez.cl\/web\/wp-json\/wp\/v2\/users\/2"}],"replies":[{"embeddable":true,"href":"https:\/\/www.radiopresidenteibanez.cl\/web\/wp-json\/wp\/v2\/comments?post=15404"}],"version-history":[{"count":0,"href":"https:\/\/www.radiopresidenteibanez.cl\/web\/wp-json\/wp\/v2\/posts\/15404\/revisions"}],"wp:featuredmedia":[{"embeddable":true,"href":"https:\/\/www.radiopresidenteibanez.cl\/web\/wp-json\/wp\/v2\/media\/15405"}],"wp:attachment":[{"href":"https:\/\/www.radiopresidenteibanez.cl\/web\/wp-json\/wp\/v2\/media?parent=15404"}],"wp:term":[{"taxonomy":"category","embeddable":true,"href":"https:\/\/www.radiopresidenteibanez.cl\/web\/wp-json\/wp\/v2\/categories?post=15404"},{"taxonomy":"post_tag","embeddable":true,"href":"https:\/\/www.radiopresidenteibanez.cl\/web\/wp-json\/wp\/v2\/tags?post=15404"}],"curies":[{"name":"wp","href":"https:\/\/api.w.org\/{rel}","templated":true}]}}