{"id":154,"date":"2018-12-27T23:07:37","date_gmt":"2018-12-27T23:07:37","guid":{"rendered":"http:\/\/www.radiopresidenteibanez.cl\/web\/?p=154"},"modified":"2018-12-27T23:07:56","modified_gmt":"2018-12-27T23:07:56","slug":"joven-mujer-resulto-con-su-dedo-amputado-luego-de-accidente-vehicular-en-pleno-centro-de-punta-arenas","status":"publish","type":"post","link":"https:\/\/www.radiopresidenteibanez.cl\/web\/joven-mujer-resulto-con-su-dedo-amputado-luego-de-accidente-vehicular-en-pleno-centro-de-punta-arenas\/","title":{"rendered":"JOVEN MUJER RESULT\u00d3 CON SU DEDO AMPUTADO LUEGO DE ACCIDENTE VEHICULAR EN PLENO CENTRO DE PUNTA ARENAS"},"content":{"rendered":"\n<p>En horas de esta ma\u00f1ana, un\naccidente vehicular se produjo en las intersecciones de calle Maip\u00fa con Avenida\nBulnes, en el lugar una camioneta 4&#215;4, sufri\u00f3 volcamiento debido a esto la m\u00e1s\nafectada fue la acompa\u00f1ante quien perdi\u00f3 uno de sus dedos, por lo que debi\u00f3 ser\ntrasladada r\u00e1pidamente hasta la urgencia del Hospital Cl\u00ednico de Magallanes.<\/p>\n\n\n\n<p>El conductor del veh\u00edculo fue\ndetenido para ver su participaci\u00f3n en el hecho, ya que se encontraba en estado\nde ebriedad.<\/p>\n","protected":false},"excerpt":{"rendered":"<p>En horas de esta ma\u00f1ana, un accidente vehicular se produjo en las intersecciones de calle Maip\u00fa con Avenida Bulnes, en el lugar una camioneta 4&#215;4, sufri\u00f3 volcamiento debido a esto&#8230; <a class=\"read-more\" href=\"https:\/\/www.radiopresidenteibanez.cl\/web\/joven-mujer-resulto-con-su-dedo-amputado-luego-de-accidente-vehicular-en-pleno-centro-de-punta-arenas\/\">Leer m\u00e1s<\/a><\/p>\n","protected":false},"author":2,"featured_media":155,"comment_status":"closed","ping_status":"closed","sticky":false,"template":"","format":"standard","meta":{"footnotes":""},"categories":[1],"tags":[],"class_list":["post-154","post","type-post","status-publish","format-standard","has-post-thumbnail","hentry","category-cronica"],"_links":{"self":[{"href":"https:\/\/www.radiopresidenteibanez.cl\/web\/wp-json\/wp\/v2\/posts\/154","targetHints":{"allow":["GET"]}}],"collection":[{"href":"https:\/\/www.radiopresidenteibanez.cl\/web\/wp-json\/wp\/v2\/posts"}],"about":[{"href":"https:\/\/www.radiopresidenteibanez.cl\/web\/wp-json\/wp\/v2\/types\/post"}],"author":[{"embeddable":true,"href":"https:\/\/www.radiopresidenteibanez.cl\/web\/wp-json\/wp\/v2\/users\/2"}],"replies":[{"embeddable":true,"href":"https:\/\/www.radiopresidenteibanez.cl\/web\/wp-json\/wp\/v2\/comments?post=154"}],"version-history":[{"count":0,"href":"https:\/\/www.radiopresidenteibanez.cl\/web\/wp-json\/wp\/v2\/posts\/154\/revisions"}],"wp:featuredmedia":[{"embeddable":true,"href":"https:\/\/www.radiopresidenteibanez.cl\/web\/wp-json\/wp\/v2\/media\/155"}],"wp:attachment":[{"href":"https:\/\/www.radiopresidenteibanez.cl\/web\/wp-json\/wp\/v2\/media?parent=154"}],"wp:term":[{"taxonomy":"category","embeddable":true,"href":"https:\/\/www.radiopresidenteibanez.cl\/web\/wp-json\/wp\/v2\/categories?post=154"},{"taxonomy":"post_tag","embeddable":true,"href":"https:\/\/www.radiopresidenteibanez.cl\/web\/wp-json\/wp\/v2\/tags?post=154"}],"curies":[{"name":"wp","href":"https:\/\/api.w.org\/{rel}","templated":true}]}}