{"id":15398,"date":"2020-10-22T13:19:43","date_gmt":"2020-10-22T13:19:43","guid":{"rendered":"https:\/\/www.radiopresidenteibanez.cl\/web\/?p=15398"},"modified":"2020-10-22T13:19:48","modified_gmt":"2020-10-22T13:19:48","slug":"alejandro-kusanovic-presidente-consejo-regional-entrego-sus-palabras-en-el-dia-de-la-region","status":"publish","type":"post","link":"https:\/\/www.radiopresidenteibanez.cl\/web\/alejandro-kusanovic-presidente-consejo-regional-entrego-sus-palabras-en-el-dia-de-la-region\/","title":{"rendered":"ALEJANDRO KUSANOVIC PRESIDENTE CONSEJO REGIONAL ENTREG\u00d3 SUS PALABRAS EN EL D\u00cdA DE LA REGI\u00d3N"},"content":{"rendered":"\n<p>Autoridades presentes,\nestimados colegas consejeros y consejeras regionales, se\u00f1oras y se\u00f1ores\npresentes en esta ma\u00f1ana. Para m\u00ed, es un verdadero honor como consejero y\nmagall\u00e1nico presidir esta memorable sesi\u00f3n en este d\u00eda tan especial.<\/p>\n\n\n\n<p>Ya que un 21 de octubre de\n1520, Fernando de Magallanes,&nbsp; ingresaba\ncon cuatro &nbsp;de sus naos por estas aguas\ndel Estrecho que denominaron de Todos los Santos o de los Patagones, y que hoy\nlleva su nombre, explorando por primera vez estas tierras un d\u00eda como hoy hace\n500 a\u00f1os. En lo que se ha sido denominado por los estudiosos como la epopeya\nm\u00e1s grande de la historia: el descubrimiento del Estrecho de Magallanes, el\ncruce del oc\u00e9ano Pac\u00edfico y la primera circunvalaci\u00f3n al planeta.<\/p>\n\n\n\n<p>Y de esta haza\u00f1a enorme de\nMagallanes y su gente, nace Chile y nuestra querida Regi\u00f3n, como lo se\u00f1ala muy\nbien nuestro historiador Don Mateo Martinic.<\/p>\n\n\n\n<p>Y no pod\u00eda ser de otra manera,\nnuestra gran Regi\u00f3n con un gran inicio de unas de las aventuras m\u00e1s gigantes y\nsacrificadas de la humanidad.<\/p>\n\n\n\n<p>Como magall\u00e1nico me siento muy\nemocionado hoy al estar en la comuna de San Gregorio, a pocos metros del\nEstrecho de Magallanes, primer lugar donde Joao Carvallo tripulante de la\nexpedici\u00f3n de Hernando de Magallanes puso un pie en estas tierras.<\/p>\n\n\n\n<p>El viaje de Magallanes por\nestas aguas australes gener\u00f3 los primeros contactos con los pueblos originarios,\ncomo los A\u00f3nikenk o Tehuelches, que por su altura dieron origen al nombre\nPatag\u00f3n, en relaci\u00f3n a un gigante de las novelas de la \u00e9poca. En los 38 d\u00edas de\nincansable lucha que duro el cruce de estas aguas, se generaron los nombres que\ntanto utilizamos hoy, como son, Tierra del fuego y Oc\u00e9ano Pacifico, lo que\ndenota la vinculaci\u00f3n de estas tierras con la epopeya de Magallanes. Hace 500\na\u00f1os, el paso del explorador Fernando de Magallanes por nuestras aguas y\ntierras australes dio vida, la fecha memorable del nacimiento de Chile y de\nnuestra querida Regi\u00f3n de Magallanes para la historia del mundo.<\/p>\n\n\n\n<p>\u00a1\u00a1\u00a1 VIVA MAGALLANES !!!&nbsp; <\/p>\n\n\n\n<p>&nbsp; \u00a1\u00a1\u00a1 VIVA CHILE !!!<\/p>\n","protected":false},"excerpt":{"rendered":"<p>Autoridades presentes, estimados colegas consejeros y consejeras regionales, se\u00f1oras y se\u00f1ores presentes en esta ma\u00f1ana. Para m\u00ed, es un verdadero honor como consejero y magall\u00e1nico presidir esta memorable sesi\u00f3n en&#8230; <a class=\"read-more\" href=\"https:\/\/www.radiopresidenteibanez.cl\/web\/alejandro-kusanovic-presidente-consejo-regional-entrego-sus-palabras-en-el-dia-de-la-region\/\">Leer m\u00e1s<\/a><\/p>\n","protected":false},"author":2,"featured_media":5543,"comment_status":"closed","ping_status":"closed","sticky":false,"template":"","format":"standard","meta":{"footnotes":""},"categories":[1],"tags":[],"class_list":["post-15398","post","type-post","status-publish","format-standard","has-post-thumbnail","hentry","category-cronica"],"_links":{"self":[{"href":"https:\/\/www.radiopresidenteibanez.cl\/web\/wp-json\/wp\/v2\/posts\/15398","targetHints":{"allow":["GET"]}}],"collection":[{"href":"https:\/\/www.radiopresidenteibanez.cl\/web\/wp-json\/wp\/v2\/posts"}],"about":[{"href":"https:\/\/www.radiopresidenteibanez.cl\/web\/wp-json\/wp\/v2\/types\/post"}],"author":[{"embeddable":true,"href":"https:\/\/www.radiopresidenteibanez.cl\/web\/wp-json\/wp\/v2\/users\/2"}],"replies":[{"embeddable":true,"href":"https:\/\/www.radiopresidenteibanez.cl\/web\/wp-json\/wp\/v2\/comments?post=15398"}],"version-history":[{"count":0,"href":"https:\/\/www.radiopresidenteibanez.cl\/web\/wp-json\/wp\/v2\/posts\/15398\/revisions"}],"wp:featuredmedia":[{"embeddable":true,"href":"https:\/\/www.radiopresidenteibanez.cl\/web\/wp-json\/wp\/v2\/media\/5543"}],"wp:attachment":[{"href":"https:\/\/www.radiopresidenteibanez.cl\/web\/wp-json\/wp\/v2\/media?parent=15398"}],"wp:term":[{"taxonomy":"category","embeddable":true,"href":"https:\/\/www.radiopresidenteibanez.cl\/web\/wp-json\/wp\/v2\/categories?post=15398"},{"taxonomy":"post_tag","embeddable":true,"href":"https:\/\/www.radiopresidenteibanez.cl\/web\/wp-json\/wp\/v2\/tags?post=15398"}],"curies":[{"name":"wp","href":"https:\/\/api.w.org\/{rel}","templated":true}]}}