{"id":15390,"date":"2020-10-22T13:07:12","date_gmt":"2020-10-22T13:07:12","guid":{"rendered":"https:\/\/www.radiopresidenteibanez.cl\/web\/?p=15390"},"modified":"2020-10-22T13:07:22","modified_gmt":"2020-10-22T13:07:22","slug":"declaracion-publica-funcionarios-y-funcionarias-del-instituto-antartico-chileno","status":"publish","type":"post","link":"https:\/\/www.radiopresidenteibanez.cl\/web\/declaracion-publica-funcionarios-y-funcionarias-del-instituto-antartico-chileno\/","title":{"rendered":"DECLARACI\u00d3N P\u00daBLICA  FUNCIONARIOS Y FUNCIONARIAS DEL INSTITUTO ANT\u00c1RTICO CHILENO"},"content":{"rendered":"\n<p>Ante la propuesta de traspasar el 98.63 % del\npresupuesto 2021 del Instituto Ant\u00e1rtico Chileno (INACH), al recientemente\ncreado Ministerio de Ciencia, Tecnolog\u00eda, Conocimiento e Innovaci\u00f3n\n(MINCIENCIA), los funcionarios y funcionarias del INACH declaramos lo\nsiguiente: <\/p>\n\n\n\n<ol class=\"wp-block-list\"><li>Rechazamos el fondo y la forma en que se ha\ndise\u00f1ado esta operaci\u00f3n presupuestaria, porque pone en riesgo\nel cumplimiento de objetivos estrat\u00e9gicos de la\nPol\u00edtica Exterior de Chile en torno a la Ant\u00e1rtica, que, desde su creaci\u00f3n,\nhace 57 a\u00f1os, el Instituto ha sabido salvaguardar. &nbsp;Por lo tanto,\nel presupuesto del INACH ha sido parte del Ministerio\nde Relaciones Exteriores (MINREL), en conformidad a lo establecido en la\nnormativa vigente.<\/li><\/ol>\n\n\n\n<ul class=\"wp-block-list\"><li>El INACH detenta, por ley, funciones espec\u00edficas que\nvan m\u00e1s all\u00e1 de las propiamente cient\u00edficas, entre ellas, asesorar al MINREL y\nparticipar en foros y grupos de trabajo internacionales para influir y\nconsolidar la posici\u00f3n nacional en el Sistema del Tratado Ant\u00e1rtico. Adem\u00e1s, aporta a la promoci\u00f3n de una\ncultura ant\u00e1rtica a trav\u00e9s de distintas\nacciones y actividades de divulgaci\u00f3n y educaci\u00f3n. Esto requiere disponer\nde profesionales y t\u00e9cnicos que contribuyan a mantener nuestros\nderechos soberanos; perfeccionar la protecci\u00f3n del medioambiente y propiciar la\ncolaboraci\u00f3n internacional en el Continente Ant\u00e1rtico. Asimismo, el INACH ha potenciado fuertemente su trabajo\ncon el Gobierno Regional de Magallanes, desde su instalaci\u00f3n en Punta Arenas en\n2003.<\/li><\/ul>\n\n\n\n<ul class=\"wp-block-list\"><li>Nos preocupa de sobremanera ser informados por la\nprensa sobre las medidas que han tomado autoridades ajenas a la Canciller\u00eda,\nrespecto del quehacer del Instituto. Exigimos respeto y consideraci\u00f3n. Creemos\nque podemos y debemos aportar a la discusi\u00f3n sobre la construcci\u00f3n de una nueva\ninstitucionalidad cient\u00edfica nacional, pero como parte de un proceso, con el\nfin de representar las implicancias t\u00e9cnicas, operativas y pol\u00edticas de las decisiones. No es aceptable que los actores\ninvolucrados sean los \u00faltimos en enterarse. <\/li><\/ul>\n\n\n\n<ul class=\"wp-block-list\"><li>El INACH, sus funcionarios y autoridades, son parte\nde una articulaci\u00f3n compleja que, con una mirada geopol\u00edtica y desde la Regi\u00f3n\nde Magallanes y de la Ant\u00e1rtica Chilena, contribuyen al desarrollo\nsocioecon\u00f3mico y cultural del pa\u00eds, convirti\u00e9ndose en un ejemplo de que la\ndescentralizaci\u00f3n es posible.<\/li><\/ul>\n\n\n\n<ul class=\"wp-block-list\"><li>5. Por lo mismo, esta medida inconsulta ha tenido un\namplio impacto en la comunidad ant\u00e1rtica y en el \u00e1mbito de las relaciones\nexteriores, as\u00ed como en el sector pol\u00edtico y en otras asociaciones de\nfuncionarios p\u00fablicos.<\/li><\/ul>\n\n\n\n<ul class=\"wp-block-list\"><li>Es nuestro deber como funcionarios y funcionarias\ndel Instituto Ant\u00e1rtico Chileno, preocupados por d\u00e9cadas y en forma continua\npor el inter\u00e9s permanente de la naci\u00f3n en el Continente Blanco,\nconvocar a las autoridades a defender el legado hist\u00f3rico de los embajadores\nMarcial Mora, Julio Escudero, Fernando Zegers, \u00d3scar Pinochet de la Barra y\nJorge Bergu\u00f1o, entre tantos m\u00e1s, quienes con sabidur\u00eda crearon no solo los\ncimientos de la Pol\u00edtica Ant\u00e1rtica Nacional, como pa\u00eds reclamante y puerta de\nentrada a ese territorio, sino que tambi\u00e9n supieron perfilar nuestro rol en la\nactual Pol\u00edtica Exterior de Chile. En ese sentido, respaldamos las acciones\nemprendidas por el Ministerio de Relaciones Exteriores, en cuanto a revertir\nesta situaci\u00f3n. <\/li><\/ul>\n","protected":false},"excerpt":{"rendered":"<p>Ante la propuesta de traspasar el 98.63 % del presupuesto 2021 del Instituto Ant\u00e1rtico Chileno (INACH), al recientemente creado Ministerio de Ciencia, Tecnolog\u00eda, Conocimiento e Innovaci\u00f3n (MINCIENCIA), los funcionarios y&#8230; <a class=\"read-more\" href=\"https:\/\/www.radiopresidenteibanez.cl\/web\/declaracion-publica-funcionarios-y-funcionarias-del-instituto-antartico-chileno\/\">Leer m\u00e1s<\/a><\/p>\n","protected":false},"author":2,"featured_media":15391,"comment_status":"closed","ping_status":"closed","sticky":false,"template":"","format":"standard","meta":{"footnotes":""},"categories":[1],"tags":[],"class_list":["post-15390","post","type-post","status-publish","format-standard","has-post-thumbnail","hentry","category-cronica"],"_links":{"self":[{"href":"https:\/\/www.radiopresidenteibanez.cl\/web\/wp-json\/wp\/v2\/posts\/15390","targetHints":{"allow":["GET"]}}],"collection":[{"href":"https:\/\/www.radiopresidenteibanez.cl\/web\/wp-json\/wp\/v2\/posts"}],"about":[{"href":"https:\/\/www.radiopresidenteibanez.cl\/web\/wp-json\/wp\/v2\/types\/post"}],"author":[{"embeddable":true,"href":"https:\/\/www.radiopresidenteibanez.cl\/web\/wp-json\/wp\/v2\/users\/2"}],"replies":[{"embeddable":true,"href":"https:\/\/www.radiopresidenteibanez.cl\/web\/wp-json\/wp\/v2\/comments?post=15390"}],"version-history":[{"count":0,"href":"https:\/\/www.radiopresidenteibanez.cl\/web\/wp-json\/wp\/v2\/posts\/15390\/revisions"}],"wp:featuredmedia":[{"embeddable":true,"href":"https:\/\/www.radiopresidenteibanez.cl\/web\/wp-json\/wp\/v2\/media\/15391"}],"wp:attachment":[{"href":"https:\/\/www.radiopresidenteibanez.cl\/web\/wp-json\/wp\/v2\/media?parent=15390"}],"wp:term":[{"taxonomy":"category","embeddable":true,"href":"https:\/\/www.radiopresidenteibanez.cl\/web\/wp-json\/wp\/v2\/categories?post=15390"},{"taxonomy":"post_tag","embeddable":true,"href":"https:\/\/www.radiopresidenteibanez.cl\/web\/wp-json\/wp\/v2\/tags?post=15390"}],"curies":[{"name":"wp","href":"https:\/\/api.w.org\/{rel}","templated":true}]}}