{"id":15387,"date":"2020-10-22T13:02:54","date_gmt":"2020-10-22T13:02:54","guid":{"rendered":"https:\/\/www.radiopresidenteibanez.cl\/web\/?p=15387"},"modified":"2020-10-22T13:03:00","modified_gmt":"2020-10-22T13:03:00","slug":"core-aprobo-reevaluacion-del-proyecto-mejoramiento-y-conservacion-plaza-benjamin-munoz-gamero-punta-arenas","status":"publish","type":"post","link":"https:\/\/www.radiopresidenteibanez.cl\/web\/core-aprobo-reevaluacion-del-proyecto-mejoramiento-y-conservacion-plaza-benjamin-munoz-gamero-punta-arenas\/","title":{"rendered":"CORE APROB\u00d3 REEVALUACI\u00d3N DEL PROYECTO MEJORAMIENTO Y CONSERVACI\u00d3N PLAZA BENJAM\u00cdN MU\u00d1OZ GAMERO PUNTA ARENAS"},"content":{"rendered":"\n<p>En sesi\u00f3n extraordinaria este mi\u00e9rcoles, el Consejo\nRegional de Magallanes y de la Ant\u00e1rtica Chilena aprob\u00f3 la reevaluaci\u00f3n del\nproyecto \u201cMejoramiento y conservaci\u00f3n Plaza Benjam\u00edn Mu\u00f1oz Gamero, Punta\nArenas\u201d que considera un incremento de recursos por un monto de 209 millones\n381 mil pesos, con lo cual&nbsp; la inversi\u00f3n\ntotal asciende a 965 millones 580 mil pesos provenientes de los recursos\nregionales FNDR. <\/p>\n\n\n\n<p>Seg\u00fan lo informado en el trabajo de comisiones por\nla Unidad T\u00e9cnica que es el municipio de Punta Arenas, esta reevaluaci\u00f3n\nresponde a la incorporaci\u00f3n de nuevos requerimientos de la Ley General de Urbanismo\ny Construcciones que significan dar cumplimiento a los est\u00e1ndares de\naccesibilidad universal y estar en conformidad a lo requerido por el Consejo de\nMonumentos Nacionales.<\/p>\n\n\n\n<p>El presidente de la comisi\u00f3n Presupuesto, Ram\u00f3n\nLobos, explic\u00f3 que se trata de un proyecto antiguo sancionado por el CORE el\na\u00f1o 2017 pero hace poco se obtuvo la aprobaci\u00f3n del Consejo de Monumentos lo\ncual dio luz verde para ejecutar mejoras, sin embargo no se pueden hacer\nmodificaciones estructurales sino m\u00e1s bien mantener lo que est\u00e1. <\/p>\n\n\n\n<p>\u201cQuedaron temas pendientes como el arreglo del\nquiosco que no est\u00e1 considerado y la localizaci\u00f3n de algunas estatuas que en el\nmomento actual deber\u00e1n ser revisadas y ver d\u00f3nde van a quedar, espec\u00edficamente\nel homenaje a Jos\u00e9 Men\u00e9ndez. Tambi\u00e9n se habl\u00f3 de ordenar el tr\u00e1nsito de los\nbuses y ver como se propende hacia un mejor uso de la plaza como elemento\ntur\u00edstico ya que debemos trabajar ahora para preparar en alg\u00fan momento la\nreapertura del turismo regional, nacional y ojala internacional\u201d, detall\u00f3 el\nconsejero Lobos. <\/p>\n\n\n\n<p>Por su parte el consejero regional, Miguel Sierpe,\ncoment\u00f3 que fue un proyecto complicado de aprobar dado que representa un nivel\nimportante de inversi\u00f3n en un contexto muy complejo por los problemas\nsocioecon\u00f3micos que ha significado la pandemia.&nbsp;\nEn ese sentido aclar\u00f3 que \u201cestaba aprobado hace tiempo y lo que se solicita\nhoy es un incremento de recursos. Es una iniciativa importante que significar\u00e1 tener\nla plaza como centro neur\u00e1lgico cuando se active el turismo. Junto a esto, le\nestamos pidiendo al alcalde de Punta Arenas, un Plan de Manejo Global ya que hay\nmuchas cosas pendientes como la ubicaci\u00f3n de los buses. &nbsp;Pensamos que la subida y bajada de pasajeros no\ndeber\u00eda producirse en plena plaza\u201d. <\/p>\n\n\n\n<p>En la oportunidad tambi\u00e9n fue sancionada\nfavorablemente la reevaluaci\u00f3n del proyecto \u00abConstrucci\u00f3n\nmuros de contenci\u00f3n Bernardo Vera y Pintado, Punta Arenas\u00bb que considera 193\nmillones 352 mil pesos con lo cual el monto total para este proyecto es 531\nmillones 268 mil pesos.<\/p>\n\n\n\n<p>Al respecto, el consejero Lobos, destac\u00f3 \u201ces una\nsentida aspiraci\u00f3n de los vecinos del Barrio 18 de Septiembre y va a dar una soluci\u00f3n\na un problema estructural que tiene el cerro en esa zona, la idea es que los\nvecinos efectivamente puedan usarlo como un \u00e1rea verde y de desplazamiento, segura,\nc\u00f3moda y con acceso universal\u201d.<\/p>\n\n\n\n<p>Finalmente, el Consejo Regional por unanimidad, no\naprob\u00f3 la solicitud de incremento de recursos para la \u00abConstrucci\u00f3n\nJuzgados de Polic\u00eda Local, Punta Arenas\u00bb, correspondiente a 1.278 millones de pesos\nadicionales a los 1.835 millones aprobado por el CORE el a\u00f1o 2018. <\/p>\n\n\n\n<p>Este proyecto fue ampliamente trabajado en la\ncomisi\u00f3n Infraestructura y seg\u00fan coment\u00f3 su presidente, Miguel Sierpe, \u201cconsideramos\nque es un tema relevante y necesario pero a la luz de los acontecimientos\necon\u00f3micos lamentables que hoy tenemos, pensamos que se deben generar prioridades\nque nos den mayor cantidad de recursos para invertir en la reactivaci\u00f3n\necon\u00f3mica de la regi\u00f3n y este proyecto, no era coherente con ello, as\u00ed que moment\u00e1neamente\nno se aprob\u00f3\u201d. Concluy\u00f3 el consejero regional. <\/p>\n","protected":false},"excerpt":{"rendered":"<p>En sesi\u00f3n extraordinaria este mi\u00e9rcoles, el Consejo Regional de Magallanes y de la Ant\u00e1rtica Chilena aprob\u00f3 la reevaluaci\u00f3n del proyecto \u201cMejoramiento y conservaci\u00f3n Plaza Benjam\u00edn Mu\u00f1oz Gamero, Punta Arenas\u201d que&#8230; <a class=\"read-more\" href=\"https:\/\/www.radiopresidenteibanez.cl\/web\/core-aprobo-reevaluacion-del-proyecto-mejoramiento-y-conservacion-plaza-benjamin-munoz-gamero-punta-arenas\/\">Leer m\u00e1s<\/a><\/p>\n","protected":false},"author":2,"featured_media":15388,"comment_status":"closed","ping_status":"closed","sticky":false,"template":"","format":"standard","meta":{"footnotes":""},"categories":[1],"tags":[],"class_list":["post-15387","post","type-post","status-publish","format-standard","has-post-thumbnail","hentry","category-cronica"],"_links":{"self":[{"href":"https:\/\/www.radiopresidenteibanez.cl\/web\/wp-json\/wp\/v2\/posts\/15387","targetHints":{"allow":["GET"]}}],"collection":[{"href":"https:\/\/www.radiopresidenteibanez.cl\/web\/wp-json\/wp\/v2\/posts"}],"about":[{"href":"https:\/\/www.radiopresidenteibanez.cl\/web\/wp-json\/wp\/v2\/types\/post"}],"author":[{"embeddable":true,"href":"https:\/\/www.radiopresidenteibanez.cl\/web\/wp-json\/wp\/v2\/users\/2"}],"replies":[{"embeddable":true,"href":"https:\/\/www.radiopresidenteibanez.cl\/web\/wp-json\/wp\/v2\/comments?post=15387"}],"version-history":[{"count":0,"href":"https:\/\/www.radiopresidenteibanez.cl\/web\/wp-json\/wp\/v2\/posts\/15387\/revisions"}],"wp:featuredmedia":[{"embeddable":true,"href":"https:\/\/www.radiopresidenteibanez.cl\/web\/wp-json\/wp\/v2\/media\/15388"}],"wp:attachment":[{"href":"https:\/\/www.radiopresidenteibanez.cl\/web\/wp-json\/wp\/v2\/media?parent=15387"}],"wp:term":[{"taxonomy":"category","embeddable":true,"href":"https:\/\/www.radiopresidenteibanez.cl\/web\/wp-json\/wp\/v2\/categories?post=15387"},{"taxonomy":"post_tag","embeddable":true,"href":"https:\/\/www.radiopresidenteibanez.cl\/web\/wp-json\/wp\/v2\/tags?post=15387"}],"curies":[{"name":"wp","href":"https:\/\/api.w.org\/{rel}","templated":true}]}}