{"id":15383,"date":"2020-10-22T06:05:00","date_gmt":"2020-10-22T06:05:00","guid":{"rendered":"https:\/\/www.radiopresidenteibanez.cl\/web\/?p=15383"},"modified":"2020-10-22T02:10:35","modified_gmt":"2020-10-22T02:10:35","slug":"declaracion-publica-cchc-ante-hechos-de-violencia-recientes","status":"publish","type":"post","link":"https:\/\/www.radiopresidenteibanez.cl\/web\/declaracion-publica-cchc-ante-hechos-de-violencia-recientes\/","title":{"rendered":"DECLARACI\u00d3N P\u00daBLICA CCHC ANTE HECHOS DE VIOLENCIA RECIENTES"},"content":{"rendered":"\n<p>Chile tiene desaf\u00edos hist\u00f3ricos por delante. El m\u00e1s inmediato es reactivar la econom\u00eda y combatir el desempleo que afecta a casi dos millones de trabajadores. Tambi\u00e9n debemos resolver urgentes problemas sociales y, m\u00e1s all\u00e1 del resultado del plebiscito del pr\u00f3ximo domingo, estamos llamados a lograr un amplio consenso respecto de las reglas que gu\u00edan nuestra convivencia.<\/p>\n\n\n\n<p>Sin embargo, nada de esto ser\u00e1 posible si no existen ciertas condiciones m\u00ednimas \u2013como es que las personas tengan garantizada su seguridad\u2013 y si adem\u00e1s guardamos silencio, relativizamos o abiertamente apoyamos que se imponga la fuerza de unos pocos.<\/p>\n\n\n\n<p>Por esto, y al igual que millones de chilenos, manifestamos nuestra profunda preocupaci\u00f3n ante los grupos de delincuentes que siguen hiriendo el alma nacional con su violencia desatada que, como el fuego que la acompa\u00f1a, buscaba destruir todo a su paso. Es lo que pasa casi a diario en la zona sur del pa\u00eds y es lo que volvimos a vivir hace unos d\u00edas en Santiago y en otras regiones.<\/p>\n\n\n\n<p>Como gremio, condenamos estos actos y solidarizamos con las v\u00edctimas inocentes de esta violencia: vecinos, familias y comunidades, trabajadores y empresarios, para los cuales algunos de sus derechos fundamentales \u2013partiendo por el derecho a la libertad personal y a la seguridad individual, as\u00ed como el derecho al trabajo y a desarrollar una actividad econ\u00f3mica\u2013 simplemente dejaron de existir.<\/p>\n\n\n\n<p>Velar por el respeto irrestricto a los derechos fundamentales de las personas es un deber irrenunciable del Estado y de cada uno de los poderes que lo componen. En ellos radica la responsabilidad de evitar que la violencia pase a formar parte del paisaje cotidiano de nuestro pa\u00eds. Las sociedades que no lo han logrado quedan marcadas por las divisiones, el dolor y la pobreza.<\/p>\n\n\n\n<p>El di\u00e1logo y la construcci\u00f3n de acuerdos son las \u00fanicas v\u00edas leg\u00edtimas para procesar las diferencias en una sociedad democr\u00e1tica. Y la paz social que deriva del uso de estas herramientas es la condici\u00f3n b\u00e1sica e imprescindible para forjar un mejor futuro para todos.<\/p>\n","protected":false},"excerpt":{"rendered":"<p>Chile tiene desaf\u00edos hist\u00f3ricos por delante. El m\u00e1s inmediato es reactivar la econom\u00eda y combatir el desempleo que afecta a casi dos millones de trabajadores. Tambi\u00e9n debemos resolver urgentes problemas&#8230; <a class=\"read-more\" href=\"https:\/\/www.radiopresidenteibanez.cl\/web\/declaracion-publica-cchc-ante-hechos-de-violencia-recientes\/\">Leer m\u00e1s<\/a><\/p>\n","protected":false},"author":2,"featured_media":15384,"comment_status":"closed","ping_status":"closed","sticky":false,"template":"","format":"standard","meta":{"footnotes":""},"categories":[1],"tags":[],"class_list":["post-15383","post","type-post","status-publish","format-standard","has-post-thumbnail","hentry","category-cronica"],"_links":{"self":[{"href":"https:\/\/www.radiopresidenteibanez.cl\/web\/wp-json\/wp\/v2\/posts\/15383","targetHints":{"allow":["GET"]}}],"collection":[{"href":"https:\/\/www.radiopresidenteibanez.cl\/web\/wp-json\/wp\/v2\/posts"}],"about":[{"href":"https:\/\/www.radiopresidenteibanez.cl\/web\/wp-json\/wp\/v2\/types\/post"}],"author":[{"embeddable":true,"href":"https:\/\/www.radiopresidenteibanez.cl\/web\/wp-json\/wp\/v2\/users\/2"}],"replies":[{"embeddable":true,"href":"https:\/\/www.radiopresidenteibanez.cl\/web\/wp-json\/wp\/v2\/comments?post=15383"}],"version-history":[{"count":0,"href":"https:\/\/www.radiopresidenteibanez.cl\/web\/wp-json\/wp\/v2\/posts\/15383\/revisions"}],"wp:featuredmedia":[{"embeddable":true,"href":"https:\/\/www.radiopresidenteibanez.cl\/web\/wp-json\/wp\/v2\/media\/15384"}],"wp:attachment":[{"href":"https:\/\/www.radiopresidenteibanez.cl\/web\/wp-json\/wp\/v2\/media?parent=15383"}],"wp:term":[{"taxonomy":"category","embeddable":true,"href":"https:\/\/www.radiopresidenteibanez.cl\/web\/wp-json\/wp\/v2\/categories?post=15383"},{"taxonomy":"post_tag","embeddable":true,"href":"https:\/\/www.radiopresidenteibanez.cl\/web\/wp-json\/wp\/v2\/tags?post=15383"}],"curies":[{"name":"wp","href":"https:\/\/api.w.org\/{rel}","templated":true}]}}