{"id":15381,"date":"2020-10-21T15:44:20","date_gmt":"2020-10-21T15:44:20","guid":{"rendered":"https:\/\/www.radiopresidenteibanez.cl\/web\/?p=15381"},"modified":"2020-10-21T15:44:25","modified_gmt":"2020-10-21T15:44:25","slug":"edelmag-informa-corte-de-suministro","status":"publish","type":"post","link":"https:\/\/www.radiopresidenteibanez.cl\/web\/edelmag-informa-corte-de-suministro\/","title":{"rendered":"EDELMAG INFORMA CORTE DE SUMINISTRO"},"content":{"rendered":"\n<p>\u00b7&nbsp;&nbsp;&nbsp;&nbsp;&nbsp;&nbsp;Desde las 10:25 horas est\u00e1 interrumpido el suministro el\u00e9ctrico para 387 clientes, que se encuentran en el sector de Barranco Amarillo. Lo anterior debido a da\u00f1os registrados en un poste de media tensi\u00f3n, como consecuencia de la maniobra de un cami\u00f3n que al pasar por el sector enganch\u00f3 esta estructuro, la que deber\u00e1 ser reemplazada.<\/p>\n\n\n\n<p>\u00b7&nbsp;&nbsp;&nbsp;&nbsp;&nbsp;&nbsp;Se estima que los trabajos para el cambio del poste y posterior reposici\u00f3n del servicio se extender\u00e1n hasta las 15:00 horas.<\/p>\n","protected":false},"excerpt":{"rendered":"<p>\u00b7&nbsp;&nbsp;&nbsp;&nbsp;&nbsp;&nbsp;Desde las 10:25 horas est\u00e1 interrumpido el suministro el\u00e9ctrico para 387 clientes, que se encuentran en el sector de Barranco Amarillo. Lo anterior debido a da\u00f1os registrados en un poste&#8230; <a class=\"read-more\" href=\"https:\/\/www.radiopresidenteibanez.cl\/web\/edelmag-informa-corte-de-suministro\/\">Leer m\u00e1s<\/a><\/p>\n","protected":false},"author":2,"featured_media":714,"comment_status":"closed","ping_status":"closed","sticky":false,"template":"","format":"standard","meta":{"footnotes":""},"categories":[1],"tags":[],"class_list":["post-15381","post","type-post","status-publish","format-standard","has-post-thumbnail","hentry","category-cronica"],"_links":{"self":[{"href":"https:\/\/www.radiopresidenteibanez.cl\/web\/wp-json\/wp\/v2\/posts\/15381","targetHints":{"allow":["GET"]}}],"collection":[{"href":"https:\/\/www.radiopresidenteibanez.cl\/web\/wp-json\/wp\/v2\/posts"}],"about":[{"href":"https:\/\/www.radiopresidenteibanez.cl\/web\/wp-json\/wp\/v2\/types\/post"}],"author":[{"embeddable":true,"href":"https:\/\/www.radiopresidenteibanez.cl\/web\/wp-json\/wp\/v2\/users\/2"}],"replies":[{"embeddable":true,"href":"https:\/\/www.radiopresidenteibanez.cl\/web\/wp-json\/wp\/v2\/comments?post=15381"}],"version-history":[{"count":0,"href":"https:\/\/www.radiopresidenteibanez.cl\/web\/wp-json\/wp\/v2\/posts\/15381\/revisions"}],"wp:featuredmedia":[{"embeddable":true,"href":"https:\/\/www.radiopresidenteibanez.cl\/web\/wp-json\/wp\/v2\/media\/714"}],"wp:attachment":[{"href":"https:\/\/www.radiopresidenteibanez.cl\/web\/wp-json\/wp\/v2\/media?parent=15381"}],"wp:term":[{"taxonomy":"category","embeddable":true,"href":"https:\/\/www.radiopresidenteibanez.cl\/web\/wp-json\/wp\/v2\/categories?post=15381"},{"taxonomy":"post_tag","embeddable":true,"href":"https:\/\/www.radiopresidenteibanez.cl\/web\/wp-json\/wp\/v2\/tags?post=15381"}],"curies":[{"name":"wp","href":"https:\/\/api.w.org\/{rel}","templated":true}]}}