{"id":15374,"date":"2020-10-21T13:19:14","date_gmt":"2020-10-21T13:19:14","guid":{"rendered":"https:\/\/www.radiopresidenteibanez.cl\/web\/?p=15374"},"modified":"2020-10-21T13:19:19","modified_gmt":"2020-10-21T13:19:19","slug":"mas-de-mil-muestras-pcr-ha-trasladado-la-iva-brigada-aerea-desde-puerto-williams","status":"publish","type":"post","link":"https:\/\/www.radiopresidenteibanez.cl\/web\/mas-de-mil-muestras-pcr-ha-trasladado-la-iva-brigada-aerea-desde-puerto-williams\/","title":{"rendered":"M\u00c1S DE MIL MUESTRAS PCR HA TRASLADADO LA IVa BRIGADA A\u00c9REA DESDE PUERTO WILLIAMS"},"content":{"rendered":"\n<p>Un nuevo apoyo en el traslado de muestras PCR desde Puerto Williams a\nPunta Arenas efectu\u00f3 la IV<sup>a<\/sup> Brigada A\u00e9rea, a trav\u00e9s del Grupo de\nAviaci\u00f3n N\u00b06, durante las jornadas del viernes 16 y martes 20 de octubre,\nsumando m\u00e1s de mil muestras transportadas a la fecha, desde el inicio de la\nemergencia sanitaria.<\/p>\n\n\n\n<p>Las operaciones a\u00e9reas se efectuaron en avi\u00f3n DHC-6 Twin Otter, despegando\ndesde la Base A\u00e9rea Chabunco rumbo al aer\u00f3dromo Guardiamarina Za\u00f1artu, ubicado\nen la Isla Navarino, arribando con carga sanitaria destinada al Hospital\nComunitario Cristina Calder\u00f3n, para luego retornar a la capital regional con\nlas muestras que ser\u00e1n analizadas por Covid-19.<\/p>\n\n\n\n<p>Mediante sus medios humanos y materiales, la Unidad ha desarrollado una\nimportante y permanente colaboraci\u00f3n con el Servicio de Salud Magallanes para\nmitigar la pandemia, trasladando tambi\u00e9n insumos cl\u00ednicos y personal m\u00e9dico,\ndestinados a reforzar y garantizar las atenciones de salud en la comunidad m\u00e1s\naustral del pa\u00eds.<\/p>\n\n\n\n<p>La IV<sup>a<\/sup> Brigada A\u00e9rea contin\u00faa conectando el territorio de la\nRegi\u00f3n de Magallanes y la Ant\u00e1rtica Chilena y a disposici\u00f3n de las autoridades,\npara apoyar a la ciudadan\u00eda y de manera conjunta hacer frente a la emergencia\nsanitaria que afecta fuertemente a la zona.<\/p>\n","protected":false},"excerpt":{"rendered":"<p>Un nuevo apoyo en el traslado de muestras PCR desde Puerto Williams a Punta Arenas efectu\u00f3 la IVa Brigada A\u00e9rea, a trav\u00e9s del Grupo de Aviaci\u00f3n N\u00b06, durante las jornadas&#8230; <a class=\"read-more\" href=\"https:\/\/www.radiopresidenteibanez.cl\/web\/mas-de-mil-muestras-pcr-ha-trasladado-la-iva-brigada-aerea-desde-puerto-williams\/\">Leer m\u00e1s<\/a><\/p>\n","protected":false},"author":2,"featured_media":15375,"comment_status":"closed","ping_status":"closed","sticky":false,"template":"","format":"standard","meta":{"footnotes":""},"categories":[1],"tags":[],"class_list":["post-15374","post","type-post","status-publish","format-standard","has-post-thumbnail","hentry","category-cronica"],"_links":{"self":[{"href":"https:\/\/www.radiopresidenteibanez.cl\/web\/wp-json\/wp\/v2\/posts\/15374","targetHints":{"allow":["GET"]}}],"collection":[{"href":"https:\/\/www.radiopresidenteibanez.cl\/web\/wp-json\/wp\/v2\/posts"}],"about":[{"href":"https:\/\/www.radiopresidenteibanez.cl\/web\/wp-json\/wp\/v2\/types\/post"}],"author":[{"embeddable":true,"href":"https:\/\/www.radiopresidenteibanez.cl\/web\/wp-json\/wp\/v2\/users\/2"}],"replies":[{"embeddable":true,"href":"https:\/\/www.radiopresidenteibanez.cl\/web\/wp-json\/wp\/v2\/comments?post=15374"}],"version-history":[{"count":0,"href":"https:\/\/www.radiopresidenteibanez.cl\/web\/wp-json\/wp\/v2\/posts\/15374\/revisions"}],"wp:featuredmedia":[{"embeddable":true,"href":"https:\/\/www.radiopresidenteibanez.cl\/web\/wp-json\/wp\/v2\/media\/15375"}],"wp:attachment":[{"href":"https:\/\/www.radiopresidenteibanez.cl\/web\/wp-json\/wp\/v2\/media?parent=15374"}],"wp:term":[{"taxonomy":"category","embeddable":true,"href":"https:\/\/www.radiopresidenteibanez.cl\/web\/wp-json\/wp\/v2\/categories?post=15374"},{"taxonomy":"post_tag","embeddable":true,"href":"https:\/\/www.radiopresidenteibanez.cl\/web\/wp-json\/wp\/v2\/tags?post=15374"}],"curies":[{"name":"wp","href":"https:\/\/api.w.org\/{rel}","templated":true}]}}