{"id":15369,"date":"2020-10-21T13:11:32","date_gmt":"2020-10-21T13:11:32","guid":{"rendered":"https:\/\/www.radiopresidenteibanez.cl\/web\/?p=15369"},"modified":"2020-10-21T13:11:37","modified_gmt":"2020-10-21T13:11:37","slug":"presidente-pinera-tendra-apretada-agenda-en-punta-arenas","status":"publish","type":"post","link":"https:\/\/www.radiopresidenteibanez.cl\/web\/presidente-pinera-tendra-apretada-agenda-en-punta-arenas\/","title":{"rendered":"PRESIDENTE PI\u00d1ERA TENDR\u00c1 APRETADA AGENDA EN PUNTA ARENAS"},"content":{"rendered":"\n<p>Hasta la\nciudad de Punta Arenas, arrib\u00f3 el presidente Sebasti\u00e1n Pi\u00f1era, junto al\nministro Ciencia, Tecnolog\u00eda, Conocimiento e Innovaci\u00f3n, Andr\u00e9s Couve y el\nsubsecretario de Redes Asistenciales, Arturo Z\u00fa\u00f1iga, para participar en\ndistintas actividades en la zona.<\/p>\n\n\n\n<p>Una de estas\nser\u00e1 una reuni\u00f3n de trabajo al interior del Centro Asistencial Docente e\nInvestigaci\u00f3n, lugar donde abordar\u00e1n avances en materia de estudios del\nCovid-19 en la regi\u00f3n de Magallanes.<\/p>\n\n\n\n<p>Posterior a esto, cerca de las 13:00 horas, el mandatario llegar\u00e1 hasta el sector del Muelle Prat, lugar donde participar\u00e1 de la Ceremonia Oficial de los 500 a\u00f1os de la circunnavegaci\u00f3n de Hernando de Magallanes.<\/p>\n\n\n\n<p><\/p>\n\n\n\n<p>CHH.<\/p>\n","protected":false},"excerpt":{"rendered":"<p>Hasta la ciudad de Punta Arenas, arrib\u00f3 el presidente Sebasti\u00e1n Pi\u00f1era, junto al ministro Ciencia, Tecnolog\u00eda, Conocimiento e Innovaci\u00f3n, Andr\u00e9s Couve y el subsecretario de Redes Asistenciales, Arturo Z\u00fa\u00f1iga, para&#8230; <a class=\"read-more\" href=\"https:\/\/www.radiopresidenteibanez.cl\/web\/presidente-pinera-tendra-apretada-agenda-en-punta-arenas\/\">Leer m\u00e1s<\/a><\/p>\n","protected":false},"author":2,"featured_media":385,"comment_status":"closed","ping_status":"closed","sticky":false,"template":"","format":"standard","meta":{"footnotes":""},"categories":[1],"tags":[],"class_list":["post-15369","post","type-post","status-publish","format-standard","has-post-thumbnail","hentry","category-cronica"],"_links":{"self":[{"href":"https:\/\/www.radiopresidenteibanez.cl\/web\/wp-json\/wp\/v2\/posts\/15369","targetHints":{"allow":["GET"]}}],"collection":[{"href":"https:\/\/www.radiopresidenteibanez.cl\/web\/wp-json\/wp\/v2\/posts"}],"about":[{"href":"https:\/\/www.radiopresidenteibanez.cl\/web\/wp-json\/wp\/v2\/types\/post"}],"author":[{"embeddable":true,"href":"https:\/\/www.radiopresidenteibanez.cl\/web\/wp-json\/wp\/v2\/users\/2"}],"replies":[{"embeddable":true,"href":"https:\/\/www.radiopresidenteibanez.cl\/web\/wp-json\/wp\/v2\/comments?post=15369"}],"version-history":[{"count":0,"href":"https:\/\/www.radiopresidenteibanez.cl\/web\/wp-json\/wp\/v2\/posts\/15369\/revisions"}],"wp:featuredmedia":[{"embeddable":true,"href":"https:\/\/www.radiopresidenteibanez.cl\/web\/wp-json\/wp\/v2\/media\/385"}],"wp:attachment":[{"href":"https:\/\/www.radiopresidenteibanez.cl\/web\/wp-json\/wp\/v2\/media?parent=15369"}],"wp:term":[{"taxonomy":"category","embeddable":true,"href":"https:\/\/www.radiopresidenteibanez.cl\/web\/wp-json\/wp\/v2\/categories?post=15369"},{"taxonomy":"post_tag","embeddable":true,"href":"https:\/\/www.radiopresidenteibanez.cl\/web\/wp-json\/wp\/v2\/tags?post=15369"}],"curies":[{"name":"wp","href":"https:\/\/api.w.org\/{rel}","templated":true}]}}