{"id":15363,"date":"2020-10-21T12:24:47","date_gmt":"2020-10-21T12:24:47","guid":{"rendered":"https:\/\/www.radiopresidenteibanez.cl\/web\/?p=15363"},"modified":"2020-10-21T12:24:53","modified_gmt":"2020-10-21T12:24:53","slug":"vecinos-del-programa-barrios-de-puerto-natales-finaliza-campana-solidaria-el-barrio-te-abriga","status":"publish","type":"post","link":"https:\/\/www.radiopresidenteibanez.cl\/web\/vecinos-del-programa-barrios-de-puerto-natales-finaliza-campana-solidaria-el-barrio-te-abriga\/","title":{"rendered":"VECINOS DEL PROGRAMA BARRIOS DE PUERTO NATALES FINALIZA CAMPA\u00d1A SOLIDARIA \u201cEL BARRIO TE ABRIGA\u201d"},"content":{"rendered":"\n<p>En el marco\ndel Plan de Gesti\u00f3n Social del Programa Barrios Natales Antiguo \u2013 Poblaci\u00f3n\nEstadio, finaliz\u00f3 la campa\u00f1a solidaria \u201cEl barrio te abriga\u201d, actividad que\nconsisti\u00f3 en tejer cuadrados de lana y confeccionar mantas para vecinos m\u00e1s\nvulnerables del sector. <\/p>\n\n\n\n<p>El equipo\nmunicipal del programa Quiero Mi Barrio en coordinaci\u00f3n con el Club de Adulto\nMayor Amistad, elaboraron esta gran iniciativa colaborativa-social, la cual fue\ngestada desde los vecinos y para los vecinos, con la finalidad de entregar\nsoluci\u00f3n a la falta de abrigo que afecta a adultos mayores y otros residentes\ndel barrio. <\/p>\n\n\n\n<p>La m\u00e1xima\nautoridad comunal, Fernando Paredes Mansilla, destac\u00f3 la gran labor que\ntuvieron los vecinos para ir en ayuda de otros, inform\u00f3 que \u201caqu\u00ed se gener\u00f3 un\ntrabajo que va m\u00e1s all\u00e1 de una obra, sino m\u00e1s bien una gran acci\u00f3n, que va en\nla idea de que los vecinos se sientan unidos y que se sientan con un sentido de\npertenencia. Adem\u00e1s, lo que buscaba esta solidaria campa\u00f1a era que los adultos\nmayores combatan el estr\u00e9s por estar encerrados debido a la pandemia y participaran\nde una noble causa \u201c. <\/p>\n\n\n\n<p>La campa\u00f1a\ncont\u00f3 con gran participaci\u00f3n de la ciudadan\u00eda, donde m\u00e1s de 90 personas\ncolaboraron para tejer y confeccionar las mantas de lana en un periodo de\ntiempo de un mes y medio aproximadamente. Adem\u00e1s, se unieron a la causa\norganizaciones sociales que cooperaron con materiales y tambi\u00e9n ayudaron con el\ntejido, entre ellos Amalanas, Ovillo Solidario, Fortaleza Patag\u00f3nica, Willi\nAntu-Ailen Kira y los clubes de adulto mayor Amistad y Las Nonas. <\/p>\n\n\n\n<p>Por este\nmotivo, el Seremi de Vivienda y Urbanismo, Jos\u00e9 Miguel Horcos, felicit\u00f3 el\ncompromiso que mostraron los vecinos de Natales, se\u00f1al\u00f3 que \u201cUna vez m\u00e1s, con\nesta novedosa campa\u00f1a \u201cEl barrio te abriga\u201d y su confecci\u00f3n de mantas, los\nvecinos y vecinas de Natales Antiguo-Poblaci\u00f3n Estadio han demostrado, como en\ntantos otros barrios, su organizaci\u00f3n y la enorme vocaci\u00f3n solidaria,\nagradeciendo igualmente la colaboraci\u00f3n del Club Adulto Mayor Amistad en esta\ninstancia, donde desde los vecinos, para los vecinos, son capaces de enfrentar\neste dif\u00edcil per\u00edodo que nos ha tocado vivir a todos los chilenos\u201d. \u201cLa gran\nsinton\u00eda de los vecinos \u2013 agreg\u00f3 Horcos \u2013 con estas iniciativas del programa\nQuiero Mi Barrio, es tambi\u00e9n gracias a las gestiones de la Ilustre\nMunicipalidad de Natales a trav\u00e9s de su alcalde, sus concejales y sus equipos\nmunicipales, en conjunto con los equipos sectoriales del programa Barrios del\nMinisterio de Vivienda y Urbanismo, encabezado por nuestro ministro Felipe\nWard.\u201d.<\/p>\n\n\n\n<p>Las personas\nlograron tejer 1.050 cuadrados de lana de 20&#215;20, entregando como resultado\nfinal 26 mantas tejidas que ir\u00e1n en directo beneficio de los vecinos m\u00e1s\nvulnerables del barrio Natales Antiguo-Poblaci\u00f3n Estadio. <\/p>\n","protected":false},"excerpt":{"rendered":"<p>En el marco del Plan de Gesti\u00f3n Social del Programa Barrios Natales Antiguo \u2013 Poblaci\u00f3n Estadio, finaliz\u00f3 la campa\u00f1a solidaria \u201cEl barrio te abriga\u201d, actividad que consisti\u00f3 en tejer cuadrados&#8230; <a class=\"read-more\" href=\"https:\/\/www.radiopresidenteibanez.cl\/web\/vecinos-del-programa-barrios-de-puerto-natales-finaliza-campana-solidaria-el-barrio-te-abriga\/\">Leer m\u00e1s<\/a><\/p>\n","protected":false},"author":2,"featured_media":15364,"comment_status":"closed","ping_status":"closed","sticky":false,"template":"","format":"standard","meta":{"footnotes":""},"categories":[1],"tags":[],"class_list":["post-15363","post","type-post","status-publish","format-standard","has-post-thumbnail","hentry","category-cronica"],"_links":{"self":[{"href":"https:\/\/www.radiopresidenteibanez.cl\/web\/wp-json\/wp\/v2\/posts\/15363","targetHints":{"allow":["GET"]}}],"collection":[{"href":"https:\/\/www.radiopresidenteibanez.cl\/web\/wp-json\/wp\/v2\/posts"}],"about":[{"href":"https:\/\/www.radiopresidenteibanez.cl\/web\/wp-json\/wp\/v2\/types\/post"}],"author":[{"embeddable":true,"href":"https:\/\/www.radiopresidenteibanez.cl\/web\/wp-json\/wp\/v2\/users\/2"}],"replies":[{"embeddable":true,"href":"https:\/\/www.radiopresidenteibanez.cl\/web\/wp-json\/wp\/v2\/comments?post=15363"}],"version-history":[{"count":0,"href":"https:\/\/www.radiopresidenteibanez.cl\/web\/wp-json\/wp\/v2\/posts\/15363\/revisions"}],"wp:featuredmedia":[{"embeddable":true,"href":"https:\/\/www.radiopresidenteibanez.cl\/web\/wp-json\/wp\/v2\/media\/15364"}],"wp:attachment":[{"href":"https:\/\/www.radiopresidenteibanez.cl\/web\/wp-json\/wp\/v2\/media?parent=15363"}],"wp:term":[{"taxonomy":"category","embeddable":true,"href":"https:\/\/www.radiopresidenteibanez.cl\/web\/wp-json\/wp\/v2\/categories?post=15363"},{"taxonomy":"post_tag","embeddable":true,"href":"https:\/\/www.radiopresidenteibanez.cl\/web\/wp-json\/wp\/v2\/tags?post=15363"}],"curies":[{"name":"wp","href":"https:\/\/api.w.org\/{rel}","templated":true}]}}