{"id":15360,"date":"2020-10-21T12:21:08","date_gmt":"2020-10-21T12:21:08","guid":{"rendered":"https:\/\/www.radiopresidenteibanez.cl\/web\/?p=15360"},"modified":"2020-10-21T12:21:13","modified_gmt":"2020-10-21T12:21:13","slug":"a-los-64-anos-murio-el-locutor-y-voz-en-off-patricio-frez","status":"publish","type":"post","link":"https:\/\/www.radiopresidenteibanez.cl\/web\/a-los-64-anos-murio-el-locutor-y-voz-en-off-patricio-frez\/","title":{"rendered":"A LOS 64 A\u00d1OS MURI\u00d3 EL LOCUTOR Y VOZ EN OFF PATRICIO FREZ"},"content":{"rendered":"\n<p>Durante la tarde de este martes se confirm\u00f3 que falleci\u00f3 el\nreconocido locutor nacional Patricio Frez, quien padec\u00eda c\u00e1ncer de h\u00edgado que\nlo afectaba, tras ser diagnosticado con la enfermedad en octubre de 2019.<\/p>\n\n\n\n<p>La noticia de su deceso fue confirmada por Radio Portales,\nemisora donde realiz\u00f3 sus \u00faltimas transmisiones, incluso durante esta misma\njornada.<\/p>\n\n\n\n<p>\u00abCon mucho pesar comunicamos el sensible fallecimiento\nde nuestro colega locutor: Erdwin Patricio Frez C\u00e1rdenas, conocido por todos\ncomo &#8216;Pato&#8217; Frez\u00bb, confirm\u00f3 Radio Portales sobre quien fuera la\nemblem\u00e1tica voz en off de \u00abBuenos D\u00edas a Todos\u00bb.<\/p>\n\n\n\n<p>La mesa directiva de Archi, junto con sumarse a las muestras\nde pesar por la muerte de Patricio Frez, env\u00eda sus condolencias a su familia y\ncompa\u00f1eros de labores.<\/p>\n","protected":false},"excerpt":{"rendered":"<p>Durante la tarde de este martes se confirm\u00f3 que falleci\u00f3 el reconocido locutor nacional Patricio Frez, quien padec\u00eda c\u00e1ncer de h\u00edgado que lo afectaba, tras ser diagnosticado con la enfermedad&#8230; <a class=\"read-more\" href=\"https:\/\/www.radiopresidenteibanez.cl\/web\/a-los-64-anos-murio-el-locutor-y-voz-en-off-patricio-frez\/\">Leer m\u00e1s<\/a><\/p>\n","protected":false},"author":2,"featured_media":15361,"comment_status":"closed","ping_status":"closed","sticky":false,"template":"","format":"standard","meta":{"footnotes":""},"categories":[1],"tags":[],"class_list":["post-15360","post","type-post","status-publish","format-standard","has-post-thumbnail","hentry","category-cronica"],"_links":{"self":[{"href":"https:\/\/www.radiopresidenteibanez.cl\/web\/wp-json\/wp\/v2\/posts\/15360","targetHints":{"allow":["GET"]}}],"collection":[{"href":"https:\/\/www.radiopresidenteibanez.cl\/web\/wp-json\/wp\/v2\/posts"}],"about":[{"href":"https:\/\/www.radiopresidenteibanez.cl\/web\/wp-json\/wp\/v2\/types\/post"}],"author":[{"embeddable":true,"href":"https:\/\/www.radiopresidenteibanez.cl\/web\/wp-json\/wp\/v2\/users\/2"}],"replies":[{"embeddable":true,"href":"https:\/\/www.radiopresidenteibanez.cl\/web\/wp-json\/wp\/v2\/comments?post=15360"}],"version-history":[{"count":0,"href":"https:\/\/www.radiopresidenteibanez.cl\/web\/wp-json\/wp\/v2\/posts\/15360\/revisions"}],"wp:featuredmedia":[{"embeddable":true,"href":"https:\/\/www.radiopresidenteibanez.cl\/web\/wp-json\/wp\/v2\/media\/15361"}],"wp:attachment":[{"href":"https:\/\/www.radiopresidenteibanez.cl\/web\/wp-json\/wp\/v2\/media?parent=15360"}],"wp:term":[{"taxonomy":"category","embeddable":true,"href":"https:\/\/www.radiopresidenteibanez.cl\/web\/wp-json\/wp\/v2\/categories?post=15360"},{"taxonomy":"post_tag","embeddable":true,"href":"https:\/\/www.radiopresidenteibanez.cl\/web\/wp-json\/wp\/v2\/tags?post=15360"}],"curies":[{"name":"wp","href":"https:\/\/api.w.org\/{rel}","templated":true}]}}