{"id":15357,"date":"2020-10-20T14:51:31","date_gmt":"2020-10-20T14:51:31","guid":{"rendered":"https:\/\/www.radiopresidenteibanez.cl\/web\/?p=15357"},"modified":"2020-10-20T14:51:36","modified_gmt":"2020-10-20T14:51:36","slug":"el-espiritu-emprendedor-magallanico-se-mantiene-en-tiempos-de-pandemia","status":"publish","type":"post","link":"https:\/\/www.radiopresidenteibanez.cl\/web\/el-espiritu-emprendedor-magallanico-se-mantiene-en-tiempos-de-pandemia\/","title":{"rendered":"EL ESP\u00cdRITU EMPRENDEDOR MAGALL\u00c1NICO SE MANTIENE EN TIEMPOS DE PANDEMIA"},"content":{"rendered":"\n<p>Han sido meses dif\u00edciles para la\neconom\u00eda regional, en especial para muchas de nuestras pymes. Sin embargo, estos\nmeses hemos visto tambi\u00e9n un considerable aumento en la creaci\u00f3n de empresas en\nnuestra regi\u00f3n, lo que refleja que, en medio de escenarios complejos como la\nactual pandemia, tambi\u00e9n surgen nuevas oportunidades y emprendedores que se\natreven y apuestan por reinventarse y ser parte del cambio que impone esta nueva\nrealidad. Y es en ese esp\u00edritu, que la SEREMI de Econom\u00eda, Fomento y Turismo\ncomenz\u00f3 a visitar emprendedores, quienes, a pesar de las dificultades, han\napostado por iniciar sus proyectos, adapt\u00e1ndolos a las nuevas modalidades de\nventa. El objetivo de estas visitas es poder visibilizar el trabajo de estos\nemprendimientos, para darles un espacio en las plataformas digitales de la\nSerem\u00eda y que la comunidad los conozca, apoyando a la econom\u00eda local desde\nnuestras pymes y, por cierto, para destacarlos como ejemplos motivadores a\nnuestro ecosistema emprendedor regional.<\/p>\n\n\n\n<p>Durante las visitas se conoci\u00f3\n\u201cEl Rinc\u00f3n de Manolo\u201d, ubicado en Fernando Ferrer Fern\u00e1ndez 01854, Punta Arenas,\ndonde Daniela, hija del matrimonio se\u00f1al\u00f3: \u201cLes contamos que tenemos un\nemprendimiento familiar, idea que surgi\u00f3 en tiempos de pandemia y con el\nobjetivo de sustentar la casa, ya que mis padres quedaron sin fuente laboral\u2026\nArmamos un minimarket en el que vendemos frutas, verduras, abarrotes, art\u00edculos\nde aseo, etc.\u201d <\/p>\n\n\n\n<p>Tambi\u00e9n, se conoci\u00f3 el\nemprendimiento de Isabel Salazar y Javier Dom\u00ednguez, quienes a\u00f1adieron: \u201cSomos\nCatfee&amp;Bricks el primer catcaf\u00e9 de la Patagonia y el m\u00e1s austral del mundo.\nAbrir el 31 de agosto pasado en plena pandemia (originalmente la apertura fue\nplanificada para abril) nos demostr\u00f3 que es posible emprender en estos tiempos\ny que todo lo que venga despu\u00e9s ser\u00e1 para mejor, ya que las condiciones\ndeber\u00edan mejorar en alg\u00fan momento. Somos un caf\u00e9 tem\u00e1tico, donde aparte de\ncompartir algo rico en la tarde junto a alguien, puedes compartir con nuestros\ngatos y as\u00ed hacer tu pausa m\u00e1s agradable, pero el concepto por ahora se\ntransform\u00f3 y somos nosotros los que vamos hasta tu casa a llevarte lo que\ndesees de nuestra carta, para que pases las tardes en familia cuid\u00e1ndote del COVID\u201d.<\/p>\n\n\n\n<p>Al respecto, la Seremi Easton\ndestac\u00f3: \u201cEs un real orgullo ver que, a pesar de las circunstancias, hay\nejemplos como el de Daniela, Isabel y Javier, que con optimismo y un fuerte\nesp\u00edritu emprendedor, han decidido apostar por sacar adelante a sus familias a\ntrav\u00e9s de sus ideas de negocio y hacer frente a esta pandemia ofreciendo\nsoluciones a las actuales necesidades de los magall\u00e1nicos. Como Ministerio\nqueremos destacar a cada uno de los emprendedores que han elegido ser\nprotagonistas del cambio que ha generado el coronavirus en nuestra regi\u00f3n y en\nel mundo entero. Continuaremos trabajando con mucha fuerza por apoyarlos y por\nfortalecer el ecosistema de emprendimiento local, ya que estamos convencidos de\nque ser\u00e1n el gran motor de reactivaci\u00f3n de nuestra econom\u00eda cuando llegue el\nmomento de la reapertura, de la mano de la Estrategia Paso a Paso\u201d. <\/p>\n","protected":false},"excerpt":{"rendered":"<p>Han sido meses dif\u00edciles para la econom\u00eda regional, en especial para muchas de nuestras pymes. Sin embargo, estos meses hemos visto tambi\u00e9n un considerable aumento en la creaci\u00f3n de empresas&#8230; <a class=\"read-more\" href=\"https:\/\/www.radiopresidenteibanez.cl\/web\/el-espiritu-emprendedor-magallanico-se-mantiene-en-tiempos-de-pandemia\/\">Leer m\u00e1s<\/a><\/p>\n","protected":false},"author":2,"featured_media":10946,"comment_status":"closed","ping_status":"closed","sticky":false,"template":"","format":"standard","meta":{"footnotes":""},"categories":[1],"tags":[],"class_list":["post-15357","post","type-post","status-publish","format-standard","has-post-thumbnail","hentry","category-cronica"],"_links":{"self":[{"href":"https:\/\/www.radiopresidenteibanez.cl\/web\/wp-json\/wp\/v2\/posts\/15357","targetHints":{"allow":["GET"]}}],"collection":[{"href":"https:\/\/www.radiopresidenteibanez.cl\/web\/wp-json\/wp\/v2\/posts"}],"about":[{"href":"https:\/\/www.radiopresidenteibanez.cl\/web\/wp-json\/wp\/v2\/types\/post"}],"author":[{"embeddable":true,"href":"https:\/\/www.radiopresidenteibanez.cl\/web\/wp-json\/wp\/v2\/users\/2"}],"replies":[{"embeddable":true,"href":"https:\/\/www.radiopresidenteibanez.cl\/web\/wp-json\/wp\/v2\/comments?post=15357"}],"version-history":[{"count":0,"href":"https:\/\/www.radiopresidenteibanez.cl\/web\/wp-json\/wp\/v2\/posts\/15357\/revisions"}],"wp:featuredmedia":[{"embeddable":true,"href":"https:\/\/www.radiopresidenteibanez.cl\/web\/wp-json\/wp\/v2\/media\/10946"}],"wp:attachment":[{"href":"https:\/\/www.radiopresidenteibanez.cl\/web\/wp-json\/wp\/v2\/media?parent=15357"}],"wp:term":[{"taxonomy":"category","embeddable":true,"href":"https:\/\/www.radiopresidenteibanez.cl\/web\/wp-json\/wp\/v2\/categories?post=15357"},{"taxonomy":"post_tag","embeddable":true,"href":"https:\/\/www.radiopresidenteibanez.cl\/web\/wp-json\/wp\/v2\/tags?post=15357"}],"curies":[{"name":"wp","href":"https:\/\/api.w.org\/{rel}","templated":true}]}}