{"id":15351,"date":"2020-10-20T14:45:02","date_gmt":"2020-10-20T14:45:02","guid":{"rendered":"https:\/\/www.radiopresidenteibanez.cl\/web\/?p=15351"},"modified":"2020-10-20T14:45:08","modified_gmt":"2020-10-20T14:45:08","slug":"municipio-realizara-examenes-pcr-a-los-vocales-de-mesa-en-dos-etapas-y-por-apellido","status":"publish","type":"post","link":"https:\/\/www.radiopresidenteibanez.cl\/web\/municipio-realizara-examenes-pcr-a-los-vocales-de-mesa-en-dos-etapas-y-por-apellido\/","title":{"rendered":"MUNICIPIO REALIZAR\u00c1 EX\u00c1MENES PCR A LOS VOCALES DE MESA EN DOS ETAPAS Y POR APELLIDO"},"content":{"rendered":"\n<p>Luego de varios d\u00edas de preparaci\u00f3n, finalmente la Municipalidad de Punta Arenas, a trav\u00e9s de su \u00c1rea de Salud y la cartera del mismo ramo, resolvieron desarrollar la toma de ex\u00e1menes PCR a los vocales de mesa que as\u00ed lo requieran, ya que ser\u00e1 un proceso&nbsp;<strong>voluntario y preventivo.<\/strong><\/p>\n\n\n\n<p>En ese sentido, el lugar dispuesto por el municipio local, ser\u00e1 el Liceo Mar\u00eda Behety de Men\u00e9ndez, ubicado en la calle Arturo Prat n\u00ba 1875, recinto que albergar\u00e1 a los vocales en dos d\u00edas y etapas para su realizaci\u00f3n.<\/p>\n\n\n\n<p>\u201cHemos dividido a los vocales seg\u00fan la letra del primer apellido, con el fin de evitar aglomeraciones y mantener un orden m\u00ednimo para la realizaci\u00f3n de los ex\u00e1menes PCR\u201d, explic\u00f3 el alcalde Claudio Radonich.<\/p>\n\n\n\n<p>El d\u00eda mi\u00e9rcoles 21 de octubre entre las 9 y 13 horas, corresponder\u00e1 el turno a las personas que tengan apellido entre las letras A y G, mientras que el jueves 22 octubre en el mismo horario, se concretar\u00e1n las muestras a las personas cuyos apellidos sean entre las letras H y Z.<\/p>\n\n\n\n<p>De esta manera, el Radonich reiter\u00f3 que \u201ces importante que las personas que lleguen hasta el Liceo Mar\u00eda Behety, lo hagan sin acompa\u00f1antes y con su c\u00e9dula de identidad\u201d.<\/p>\n\n\n\n<p>Finalmente, el jefe comunal agreg\u00f3 que \u201ccomo Municipalidad, hemos tratado de colaborar con todo lo que podemos, con el fin de garantizar las medidas sanitarias previas al proceso electoral que se llevar\u00e1 a cabo el pr\u00f3ximo domingo 25 de octubre, invirtiendo m\u00e1s de 50 millones de pesos, sumando ahora la toma de PCR voluntario y gratuito\u201d.<\/p>\n","protected":false},"excerpt":{"rendered":"<p>Luego de varios d\u00edas de preparaci\u00f3n, finalmente la Municipalidad de Punta Arenas, a trav\u00e9s de su \u00c1rea de Salud y la cartera del mismo ramo, resolvieron desarrollar la toma de&#8230; <a class=\"read-more\" href=\"https:\/\/www.radiopresidenteibanez.cl\/web\/municipio-realizara-examenes-pcr-a-los-vocales-de-mesa-en-dos-etapas-y-por-apellido\/\">Leer m\u00e1s<\/a><\/p>\n","protected":false},"author":2,"featured_media":15352,"comment_status":"closed","ping_status":"closed","sticky":false,"template":"","format":"standard","meta":{"footnotes":""},"categories":[1],"tags":[],"class_list":["post-15351","post","type-post","status-publish","format-standard","has-post-thumbnail","hentry","category-cronica"],"_links":{"self":[{"href":"https:\/\/www.radiopresidenteibanez.cl\/web\/wp-json\/wp\/v2\/posts\/15351","targetHints":{"allow":["GET"]}}],"collection":[{"href":"https:\/\/www.radiopresidenteibanez.cl\/web\/wp-json\/wp\/v2\/posts"}],"about":[{"href":"https:\/\/www.radiopresidenteibanez.cl\/web\/wp-json\/wp\/v2\/types\/post"}],"author":[{"embeddable":true,"href":"https:\/\/www.radiopresidenteibanez.cl\/web\/wp-json\/wp\/v2\/users\/2"}],"replies":[{"embeddable":true,"href":"https:\/\/www.radiopresidenteibanez.cl\/web\/wp-json\/wp\/v2\/comments?post=15351"}],"version-history":[{"count":0,"href":"https:\/\/www.radiopresidenteibanez.cl\/web\/wp-json\/wp\/v2\/posts\/15351\/revisions"}],"wp:featuredmedia":[{"embeddable":true,"href":"https:\/\/www.radiopresidenteibanez.cl\/web\/wp-json\/wp\/v2\/media\/15352"}],"wp:attachment":[{"href":"https:\/\/www.radiopresidenteibanez.cl\/web\/wp-json\/wp\/v2\/media?parent=15351"}],"wp:term":[{"taxonomy":"category","embeddable":true,"href":"https:\/\/www.radiopresidenteibanez.cl\/web\/wp-json\/wp\/v2\/categories?post=15351"},{"taxonomy":"post_tag","embeddable":true,"href":"https:\/\/www.radiopresidenteibanez.cl\/web\/wp-json\/wp\/v2\/tags?post=15351"}],"curies":[{"name":"wp","href":"https:\/\/api.w.org\/{rel}","templated":true}]}}