{"id":15348,"date":"2020-10-20T14:34:38","date_gmt":"2020-10-20T14:34:38","guid":{"rendered":"https:\/\/www.radiopresidenteibanez.cl\/web\/?p=15348"},"modified":"2020-10-20T14:34:44","modified_gmt":"2020-10-20T14:34:44","slug":"tramite-sag-de-autorizacion-de-internacion-de-mercaderias-silvoagricolas-ahora-es-digital","status":"publish","type":"post","link":"https:\/\/www.radiopresidenteibanez.cl\/web\/tramite-sag-de-autorizacion-de-internacion-de-mercaderias-silvoagricolas-ahora-es-digital\/","title":{"rendered":"TR\u00c1MITE SAG DE AUTORIZACI\u00d3N DE INTERNACI\u00d3N DE MERCADER\u00cdAS SILVOAGR\u00cdCOLAS AHORA ES DIGITAL"},"content":{"rendered":"\n<p>El tr\u00e1mite digital de \u201cAutorizaci\u00f3n para internar mercader\u00edas silvoagr\u00edcolas\u00bb acaba de ser puesto a disposici\u00f3n de los usuarios\/as por parte del Servicio Agr\u00edcola y Ganadero (SAG), siguiendo en el empe\u00f1o por la digitalizaci\u00f3n comprometido para avanzar en la Transformaci\u00f3n Digital del Estado.&nbsp;<\/p>\n\n\n\n<p>A trav\u00e9s de dicho tr\u00e1mite se podr\u00e1 solicitar&nbsp;permiso&nbsp;de importaci\u00f3n&nbsp;de productos de origen silvoagr\u00edcola que no se encuentran regulados o de aquellos que cumplan solo parcialmente con las regulaciones fitosanitarias de ingreso establecidas por el SAG, con el fin&nbsp;de&nbsp;evaluar su posible autorizaci\u00f3n. Esta solicitud la podr\u00e1 realizar cualquier persona natural o jur\u00eddica, con residencia en el pa\u00eds, que desee importar especies de origen vegetal silvoagr\u00edcola.&nbsp;<\/p>\n\n\n\n<p>Al respecto, el encargado regional de protecci\u00f3n agr\u00edcola y forestal de SAG Magallanes, Ricardo Ru\u00edz Paredes, se\u00f1al\u00f3 que \u201ceste tr\u00e1mite es complementario a un sistema en l\u00ednea denominado Buscador de Requisitos Fitosanitarios. Cuando determinados productos u or\u00edgenes no tienen requisitos de ingreso publicados en este sistema, es necesario solicitar la emisi\u00f3n de permisos caso a caso. Lo valorable es que a partir de ahora, la modalidad digital facilitar\u00e1 la gesti\u00f3n de este tr\u00e1mite. Es un paso m\u00e1s en proceso de modernizaci\u00f3n y digitalizaci\u00f3n de nuestro Servicio. &nbsp;A nivel local, las solicitudes que se reciben son escasas y normalmente tienen relaci\u00f3n con productos cuya internaci\u00f3n es excepcional u ocasional. Por ello, el llamado es a revisar la p\u00e1gina web de SAG, ya que en ella se encuentra toda la normativa que regula el ingreso de productos silvoagr\u00edcolas, y en caso de requerir alguna directriz adicional, nos contacte a trav\u00e9s de los canales habilitados para ello\u201d.<\/p>\n\n\n\n<p>Para ingresar al tr\u00e1mite&nbsp;se debe pinchar en&nbsp;<a href=\"https:\/\/nam10.safelinks.protection.outlook.com\/?url=http%3A%2F%2Fwww.sag.cl%2Ftramites%2Ftramites-sag&amp;data=02%7C01%7Cveronica.valdenegro%40sag.gob.cl%7C2dceddda32764aa2f36708d86fb37467%7C77ecda755864422aa5356ea67154029c%7C0%7C0%7C637382163849457737&amp;sdata=xQghiYxeydnVtOwfn4FTQRg%2Fun3r26I%2FvCn%2BIbuyJaM%3D&amp;reserved=0\" target=\"_blank\" rel=\"noreferrer noopener\">http:\/\/www.sag.cl\/tramites\/tramites-sag<\/a>&nbsp;contando con&nbsp;Clave \u00danica (otorgada por el Servicio de Registro Civil e Identificaci\u00f3n), completando luego el formulario digital y cancelando el costo de la evaluaci\u00f3n, que corresponde a 0,25 UTM.<\/p>\n\n\n\n<p>En caso de acogerse la solicitud y dependiendo del tipo de producto que est\u00e9 siendo evaluado, la respuesta al usuario\/a se entregar\u00e1 en un plazo m\u00e1ximo de 10 d\u00edas h\u00e1biles a contar de la fecha de ingreso de la solicitud.<\/p>\n\n\n\n<p>Para mayor informaci\u00f3n sobre este u otros tr\u00e1mites SAG, visite&nbsp;<a href=\"https:\/\/nam10.safelinks.protection.outlook.com\/?url=http%3A%2F%2Fwww.sag.cl%2F&amp;data=04%7C01%7Cveronica.valdenegro%40sag.gob.cl%7C9c6a7432fab349b9f37908d871ef78e3%7C77ecda755864422aa5356ea67154029c%7C0%7C0%7C637384620626806349%7CUnknown%7CTWFpbGZsb3d8eyJWIjoiMC4wLjAwMDAiLCJQIjoiV2luMzIiLCJBTiI6Ik1haWwiLCJXVCI6Mn0%3D%7C1000&amp;sdata=iIkY8hui%2FAO3xNILBYCCDGSKVOVHBTYjA%2FK%2Bd0vv1u4%3D&amp;reserved=0\" target=\"_blank\" rel=\"noreferrer noopener\">www.sag.cl<\/a>, o escr\u00edbanos a&nbsp;<a href=\"mailto:contacto.magallanes@sag.gob.cl\" target=\"_blank\" rel=\"noreferrer noopener\">contacto.magallanes@sag.gob.cl<\/a><\/p>\n","protected":false},"excerpt":{"rendered":"<p>El tr\u00e1mite digital de \u201cAutorizaci\u00f3n para internar mercader\u00edas silvoagr\u00edcolas\u00bb acaba de ser puesto a disposici\u00f3n de los usuarios\/as por parte del Servicio Agr\u00edcola y Ganadero (SAG), siguiendo en el empe\u00f1o&#8230; <a class=\"read-more\" href=\"https:\/\/www.radiopresidenteibanez.cl\/web\/tramite-sag-de-autorizacion-de-internacion-de-mercaderias-silvoagricolas-ahora-es-digital\/\">Leer m\u00e1s<\/a><\/p>\n","protected":false},"author":2,"featured_media":15349,"comment_status":"closed","ping_status":"closed","sticky":false,"template":"","format":"standard","meta":{"footnotes":""},"categories":[1],"tags":[],"class_list":["post-15348","post","type-post","status-publish","format-standard","has-post-thumbnail","hentry","category-cronica"],"_links":{"self":[{"href":"https:\/\/www.radiopresidenteibanez.cl\/web\/wp-json\/wp\/v2\/posts\/15348","targetHints":{"allow":["GET"]}}],"collection":[{"href":"https:\/\/www.radiopresidenteibanez.cl\/web\/wp-json\/wp\/v2\/posts"}],"about":[{"href":"https:\/\/www.radiopresidenteibanez.cl\/web\/wp-json\/wp\/v2\/types\/post"}],"author":[{"embeddable":true,"href":"https:\/\/www.radiopresidenteibanez.cl\/web\/wp-json\/wp\/v2\/users\/2"}],"replies":[{"embeddable":true,"href":"https:\/\/www.radiopresidenteibanez.cl\/web\/wp-json\/wp\/v2\/comments?post=15348"}],"version-history":[{"count":0,"href":"https:\/\/www.radiopresidenteibanez.cl\/web\/wp-json\/wp\/v2\/posts\/15348\/revisions"}],"wp:featuredmedia":[{"embeddable":true,"href":"https:\/\/www.radiopresidenteibanez.cl\/web\/wp-json\/wp\/v2\/media\/15349"}],"wp:attachment":[{"href":"https:\/\/www.radiopresidenteibanez.cl\/web\/wp-json\/wp\/v2\/media?parent=15348"}],"wp:term":[{"taxonomy":"category","embeddable":true,"href":"https:\/\/www.radiopresidenteibanez.cl\/web\/wp-json\/wp\/v2\/categories?post=15348"},{"taxonomy":"post_tag","embeddable":true,"href":"https:\/\/www.radiopresidenteibanez.cl\/web\/wp-json\/wp\/v2\/tags?post=15348"}],"curies":[{"name":"wp","href":"https:\/\/api.w.org\/{rel}","templated":true}]}}